{"id":35899,"date":"2025-06-24T09:48:11","date_gmt":"2025-06-24T13:48:11","guid":{"rendered":"https:\/\/expressaoms.com.br\/?p=35899"},"modified":"2025-06-24T10:16:17","modified_gmt":"2025-06-24T14:16:17","slug":"adilson-freitas-e-o-novo-chefe-de-gabinete","status":"publish","type":"post","link":"https:\/\/expressaoms.com.br\/index.php\/2025\/06\/24\/adilson-freitas-e-o-novo-chefe-de-gabinete\/","title":{"rendered":"Adilson Freitas \u00e9 o novo Chefe de Gabinete do prefeito Cassiano Maia"},"content":{"rendered":"<p><em><strong>Adilson Rodrigues de Freitas assume cargo estrat\u00e9gico ap\u00f3s passagem pelo legislativo; mudan\u00e7a foi publicada no Di\u00e1rio Oficial<\/strong><\/em><\/p>\n<p><strong>Thais Dias<\/strong><\/p>\n<p>Em uma movimenta\u00e7\u00e3o que refor\u00e7a a aposta em gest\u00e3o t\u00e9cnica, Adilson Rodrigues de Freitas foi nomeado como novo Chefe de Gabinete do prefeito Cassiano Maia, conforme publica\u00e7\u00e3o no Di\u00e1rio Oficial desta ter\u00e7a-feira (24). O profissional, que at\u00e9 recentemente ocupava o cargo de diretor de Tecnologia da Informa\u00e7\u00e3o da C\u00e2mara Municipal, assume agora um dos postos mais estrat\u00e9gicos da administra\u00e7\u00e3o p\u00fablica municipal de Tr\u00eas Lagoas.<\/p>\n<p>A trajet\u00f3ria de Freitas chama aten\u00e7\u00e3o pela transi\u00e7\u00e3o da \u00e1rea t\u00e9cnica para o n\u00facleo decis\u00f3rio do governo. Como diretor de TI da C\u00e2mara no primeiro semestre deste ano, ele foi respons\u00e1vel por modernizar sistemas e processos digitais do legislativo municipal. Agora, levar\u00e1 essa experi\u00eancia em gest\u00e3o de processos e transforma\u00e7\u00e3o digital para o executivo municipal.<\/p>\n<p>O novo Chefe de Gabinete assume o cargo em um momento de implementa\u00e7\u00e3o de novos sistemas integrados na prefeitura, incluindo plataformas de transpar\u00eancia e atendimento ao cidad\u00e3o. Sua experi\u00eancia anterior sugere que a moderniza\u00e7\u00e3o digital pode ganhar novo impulso na administra\u00e7\u00e3o municipal.<\/p>\n<p>A nomea\u00e7\u00e3o tamb\u00e9m indica uma aproxima\u00e7\u00e3o entre os poderes Executivo e Legislativo municipais, j\u00e1 que Freitas traz consigo o conhecimento detalhado dos processos e desafios da C\u00e2mara Municipal. Essa sinergia pode facilitar a tramita\u00e7\u00e3o de projetos de interesse da prefeitura no legislativo.<\/p>\n<p>Freitas possui larga experi\u00eancia em TI na iniciativa privada, o que tamb\u00e9m ir\u00e1 contribuir com os projetos de inova\u00e7\u00e3o que o prefeito Cassiano Maia vem implantando na prefeitura de Tr\u00eas Lagoas.<\/p>\n","protected":false},"excerpt":{"rendered":"<p>Adilson Rodrigues de Freitas assume cargo estrat\u00e9gico ap\u00f3s passagem pelo legislativo; mudan\u00e7a foi publicada no Di\u00e1rio Oficial Thais Dias Em uma movimenta\u00e7\u00e3o que refor\u00e7a a aposta em gest\u00e3o t\u00e9cnica, Adilson Rodrigues de Freitas foi nomeado como novo Chefe de Gabinete do prefeito Cassiano Maia, conforme publica\u00e7\u00e3o no Di\u00e1rio Oficial desta ter\u00e7a-feira (24). O profissional, que [&hellip;]<\/p>\n","protected":false},"author":3,"featured_media":31492,"comment_status":"open","ping_status":"open","sticky":false,"template":"","format":"standard","meta":{"om_disable_all_campaigns":false,"_monsterinsights_skip_tracking":false,"_monsterinsights_sitenote_active":false,"_monsterinsights_sitenote_note":"","_monsterinsights_sitenote_category":0,"footnotes":""},"categories":[42,48],"tags":[253,361,172],"aioseo_notices":[],"_links":{"self":[{"href":"https:\/\/expressaoms.com.br\/index.php\/wp-json\/wp\/v2\/posts\/35899"}],"collection":[{"href":"https:\/\/expressaoms.com.br\/index.php\/wp-json\/wp\/v2\/posts"}],"about":[{"href":"https:\/\/expressaoms.com.br\/index.php\/wp-json\/wp\/v2\/types\/post"}],"author":[{"embeddable":true,"href":"https:\/\/expressaoms.com.br\/index.php\/wp-json\/wp\/v2\/users\/3"}],"replies":[{"embeddable":true,"href":"https:\/\/expressaoms.com.br\/index.php\/wp-json\/wp\/v2\/comments?post=35899"}],"version-history":[{"count":5,"href":"https:\/\/expressaoms.com.br\/index.php\/wp-json\/wp\/v2\/posts\/35899\/revisions"}],"predecessor-version":[{"id":35905,"href":"https:\/\/expressaoms.com.br\/index.php\/wp-json\/wp\/v2\/posts\/35899\/revisions\/35905"}],"wp:featuredmedia":[{"embeddable":true,"href":"https:\/\/expressaoms.com.br\/index.php\/wp-json\/wp\/v2\/media\/31492"}],"wp:attachment":[{"href":"https:\/\/expressaoms.com.br\/index.php\/wp-json\/wp\/v2\/media?parent=35899"}],"wp:term":[{"taxonomy":"category","embeddable":true,"href":"https:\/\/expressaoms.com.br\/index.php\/wp-json\/wp\/v2\/categories?post=35899"},{"taxonomy":"post_tag","embeddable":true,"href":"https:\/\/expressaoms.com.br\/index.php\/wp-json\/wp\/v2\/tags?post=35899"}],"curies":[{"name":"wp","href":"https:\/\/api.w.org\/{rel}","templated":true}]}}