{"id":35922,"date":"2025-06-24T16:20:26","date_gmt":"2025-06-24T20:20:26","guid":{"rendered":"https:\/\/expressaoms.com.br\/?p=35922"},"modified":"2025-06-25T10:41:18","modified_gmt":"2025-06-25T14:41:18","slug":"ao-jornal-expressao-ms-novo-chefe-de-gabinete-promete-agilizar-servicos-publicos","status":"publish","type":"post","link":"https:\/\/expressaoms.com.br\/index.php\/2025\/06\/24\/ao-jornal-expressao-ms-novo-chefe-de-gabinete-promete-agilizar-servicos-publicos\/","title":{"rendered":"Ao jornal Express\u00e3o MS: Novo chefe de gabinete promete agilizar servi\u00e7os p\u00fablicos"},"content":{"rendered":"<p><em><strong>Adilson Rodrigues, com especializa\u00e7\u00e3o no MIT, detalha como tecnologia ser\u00e1 aliada da administra\u00e7\u00e3o municipal<\/strong><\/em><\/p>\n<p><strong>Thais Dias<\/strong><\/p>\n<p>Em entrevista exclusiva ao <strong>Jornal Express\u00e3o MS<\/strong>, Adilson Rodrigues de Freitas, o novo Chefe de Gabinete do prefeito Cassiano Maia, revelou os detalhes de sua trajet\u00f3ria profissional e os planos para modernizar a gest\u00e3o municipal. Com forma\u00e7\u00e3o em Sistemas de Informa\u00e7\u00e3o e especializa\u00e7\u00f5es de peso no MIT e na ECA-USP, Freitas traz para a administra\u00e7\u00e3o p\u00fablica 25 anos de experi\u00eancia em transforma\u00e7\u00e3o digital e gest\u00e3o estrat\u00e9gica no setor privado.<\/p>\n<p>Sua carreira inclui passagens por grandes corpora\u00e7\u00f5es dos setores de telecomunica\u00e7\u00f5es, finan\u00e7as e seguros, onde liderou projetos complexos de moderniza\u00e7\u00e3o operacional e inova\u00e7\u00e3o tecnol\u00f3gica. &#8220;Minha expertise est\u00e1 em conectar tecnologia, processos e pessoas para gerar efici\u00eancia&#8221;, afirmou o novo chefe de gabinete, destacando que essa vis\u00e3o sist\u00eamica ser\u00e1 fundamental para otimizar a gest\u00e3o municipal.<\/p>\n<p>Freitas enfatizou que o cargo exige exatamente as compet\u00eancias que desenvolveu ao longo de sua trajet\u00f3ria: capacidade de articula\u00e7\u00e3o institucional, gest\u00e3o de equipes multidisciplinares e solu\u00e7\u00e3o de problemas complexos.<\/p>\n<blockquote><p>&#8220;Vou aplicar toda minha experi\u00eancia em lideran\u00e7a e transforma\u00e7\u00e3o digital para apoiar o prefeito Cassiano Maia na execu\u00e7\u00e3o dos projetos priorit\u00e1rios para a cidade&#8221;, declarou.<\/p><\/blockquote>\n<p>Entre as primeiras medidas, o novo chefe de gabinete planeja implementar sistemas de monitoramento de metas por secretaria, criar c\u00e9lulas de inova\u00e7\u00e3o para modernizar os servi\u00e7os p\u00fablicos e estabelecer rotinas de acompanhamento mais transparentes.<\/p>\n<blockquote><p>&#8220;Minha atua\u00e7\u00e3o ser\u00e1 pautada pelo trabalho colaborativo, integra\u00e7\u00e3o entre as secretarias e alinhamento dos objetivos institucionais&#8221;, explicou.<\/p><\/blockquote>\n<p>Freitas tamb\u00e9m destacou sua abordagem para lidar com desafios internos, baseada em escuta ativa, media\u00e7\u00e3o construtiva e tomada de decis\u00e3o orientada por dados. &#8220;Acredito que conflitos se resolvem com comunica\u00e7\u00e3o clara, alinhamento de expectativas e foco nos objetivos comuns&#8221;, afirmou, citando casos de sua carreira onde equilibrou interesses divergentes em projetos corporativos.<\/p>\n<p>O novo chefe de gabinete j\u00e1 iniciou a imers\u00e3o nos projetos priorit\u00e1rios da gest\u00e3o Maia, como o Plano de Mobilidade Urbana e o Programa de Efici\u00eancia Fiscal.<\/p>\n<blockquote><p>&#8220;Tr\u00eas Lagoas ter\u00e1 uma gest\u00e3o \u00e1gil, transparente e orientada a resultados&#8221;, prometeu, refor\u00e7ando seu compromisso com a moderniza\u00e7\u00e3o da administra\u00e7\u00e3o p\u00fablica.<\/p><\/blockquote>\n<p>A nomea\u00e7\u00e3o de Adilson Rodrigues representa uma aposta da prefeitura em profissionalizar a gest\u00e3o municipal, trazendo para o setor p\u00fablico a expertise em governan\u00e7a e inova\u00e7\u00e3o desenvolvida no ambiente corporativo. Com sua vasta experi\u00eancia em transforma\u00e7\u00e3o digital e gest\u00e3o estrat\u00e9gica, a expectativa \u00e9 que ele contribua significativamente para tornar a administra\u00e7\u00e3o de Tr\u00eas Lagoas mais eficiente e conectada com as demandas da popula\u00e7\u00e3o.<\/p>\n","protected":false},"excerpt":{"rendered":"<p>Adilson Rodrigues, com especializa\u00e7\u00e3o no MIT, detalha como tecnologia ser\u00e1 aliada da administra\u00e7\u00e3o municipal Thais Dias Em entrevista exclusiva ao Jornal Express\u00e3o MS, Adilson Rodrigues de Freitas, o novo Chefe de Gabinete do prefeito Cassiano Maia, revelou os detalhes de sua trajet\u00f3ria profissional e os planos para modernizar a gest\u00e3o municipal. Com forma\u00e7\u00e3o em Sistemas [&hellip;]<\/p>\n","protected":false},"author":3,"featured_media":35919,"comment_status":"open","ping_status":"open","sticky":false,"template":"","format":"standard","meta":{"om_disable_all_campaigns":false,"_monsterinsights_skip_tracking":false,"_monsterinsights_sitenote_active":false,"_monsterinsights_sitenote_note":"","_monsterinsights_sitenote_category":0,"footnotes":""},"categories":[42,48],"tags":[253,361,172],"aioseo_notices":[],"_links":{"self":[{"href":"https:\/\/expressaoms.com.br\/index.php\/wp-json\/wp\/v2\/posts\/35922"}],"collection":[{"href":"https:\/\/expressaoms.com.br\/index.php\/wp-json\/wp\/v2\/posts"}],"about":[{"href":"https:\/\/expressaoms.com.br\/index.php\/wp-json\/wp\/v2\/types\/post"}],"author":[{"embeddable":true,"href":"https:\/\/expressaoms.com.br\/index.php\/wp-json\/wp\/v2\/users\/3"}],"replies":[{"embeddable":true,"href":"https:\/\/expressaoms.com.br\/index.php\/wp-json\/wp\/v2\/comments?post=35922"}],"version-history":[{"count":3,"href":"https:\/\/expressaoms.com.br\/index.php\/wp-json\/wp\/v2\/posts\/35922\/revisions"}],"predecessor-version":[{"id":35940,"href":"https:\/\/expressaoms.com.br\/index.php\/wp-json\/wp\/v2\/posts\/35922\/revisions\/35940"}],"wp:featuredmedia":[{"embeddable":true,"href":"https:\/\/expressaoms.com.br\/index.php\/wp-json\/wp\/v2\/media\/35919"}],"wp:attachment":[{"href":"https:\/\/expressaoms.com.br\/index.php\/wp-json\/wp\/v2\/media?parent=35922"}],"wp:term":[{"taxonomy":"category","embeddable":true,"href":"https:\/\/expressaoms.com.br\/index.php\/wp-json\/wp\/v2\/categories?post=35922"},{"taxonomy":"post_tag","embeddable":true,"href":"https:\/\/expressaoms.com.br\/index.php\/wp-json\/wp\/v2\/tags?post=35922"}],"curies":[{"name":"wp","href":"https:\/\/api.w.org\/{rel}","templated":true}]}}