{"id":36295,"date":"2025-07-10T11:42:37","date_gmt":"2025-07-10T15:42:37","guid":{"rendered":"https:\/\/expressaoms.com.br\/?p=36295"},"modified":"2025-07-10T11:42:37","modified_gmt":"2025-07-10T15:42:37","slug":"dignidade-para-as-familias-diz-paulo-correa-sobre-programa-que-vai-regularizar-700-areas-da-uniao-em-ms","status":"publish","type":"post","link":"https:\/\/expressaoms.com.br\/index.php\/2025\/07\/10\/dignidade-para-as-familias-diz-paulo-correa-sobre-programa-que-vai-regularizar-700-areas-da-uniao-em-ms\/","title":{"rendered":"\u201cDignidade para as fam\u00edlias\u201d, diz Paulo Corr\u00eaa sobre programa que vai regularizar 700 \u00e1reas da Uni\u00e3o em MS"},"content":{"rendered":"<p>O deputado estadual e 1\u00ba secret\u00e1rio da Assembleia Legislativa de Mato Grosso do Sul, Paulo Corr\u00eaa (PSDB), comemorou o lan\u00e7amento do programa Lar Legal, iniciativa in\u00e9dita de regulariza\u00e7\u00e3o fundi\u00e1ria urbana que deve formalizar a posse de pelo menos 700 im\u00f3veis da Uni\u00e3o no Estado at\u00e9 o final deste ano.<\/p>\n<p>Oficializado nesta ter\u00e7a-feira (8) por meio da assinatura de um Termo de Coopera\u00e7\u00e3o T\u00e9cnica, o programa \u00e9 fruto da parceria entre a Superintend\u00eancia do Patrim\u00f4nio da Uni\u00e3o (SPU), Defensoria P\u00fablica da Uni\u00e3o (DPU), Tribunal de Justi\u00e7a de Mato Grosso do Sul (TJMS) e a Ag\u00eancia Estadual de Habita\u00e7\u00e3o Popular (Agehab).<\/p>\n<p>O projeto ter\u00e1 in\u00edcio nos munic\u00edpios de Campo Grande e Tr\u00eas Lagoas, com a regulariza\u00e7\u00e3o de 500 e 200 im\u00f3veis, respectivamente. A expectativa \u00e9 de que o programa seja ampliado em breve para Sidrol\u00e2ndia, Ribas do Rio Pardo, \u00c1gua Clara, Ponta Por\u00e3 e Mundo Novo.<\/p>\n<p>O modelo adotado pelo Lar Legal prioriza a\u00e7\u00f5es coletivas, o que acelera a tramita\u00e7\u00e3o dos processos e permite maior efici\u00eancia na titula\u00e7\u00e3o de \u00e1reas urbanas j\u00e1 consolidadas. Nessa estrutura, a SPU e a Agehab s\u00e3o respons\u00e1veis pela identifica\u00e7\u00e3o das \u00e1reas e emiss\u00e3o dos documentos necess\u00e1rios, enquanto a DPU e o TJMS oferecem suporte jur\u00eddico, garantindo seguran\u00e7a legal \u00e0s fam\u00edlias beneficiadas.<\/p>\n<p>Reconhecendo a relev\u00e2ncia do programa, Paulo Corr\u00eaa assinou em conjunto com o deputado Pedro Kemp (PT) uma mo\u00e7\u00e3o de congratula\u00e7\u00e3o ao superintendente da SPU em MS, Tiago Botelho, pela condu\u00e7\u00e3o do projeto.<\/p>\n<p>\u201cAs \u00e1reas da Uni\u00e3o devem cumprir fun\u00e7\u00e3o social e estar a servi\u00e7o do bem coletivo. A Uni\u00e3o n\u00e3o precisa de im\u00f3veis, quem precisa s\u00e3o as fam\u00edlias em situa\u00e7\u00e3o de vulnerabilidade\u201d, pontuou Corr\u00eaa.<\/p>\n<p>O parlamentar destacou ainda que seguir\u00e1 atuando para fortalecer pol\u00edticas p\u00fablicas que garantam moradia regularizada, dignidade e seguran\u00e7a jur\u00eddica para milhares de fam\u00edlias sul-mato-grossenses.<\/p>\n<p>\u201cMoradia \u00e9 dignidade, \u00e9 o primeiro passo para a cidadania. Por isso, apoiamos integralmente essa iniciativa que garante mais justi\u00e7a social em nosso Estado\u201d, completou o parlamentar.<\/p>\n","protected":false},"excerpt":{"rendered":"<p>O deputado estadual e 1\u00ba secret\u00e1rio da Assembleia Legislativa de Mato Grosso do Sul, Paulo Corr\u00eaa (PSDB), comemorou o lan\u00e7amento do programa Lar Legal, iniciativa in\u00e9dita de regulariza\u00e7\u00e3o fundi\u00e1ria urbana que deve formalizar a posse de pelo menos 700 im\u00f3veis da Uni\u00e3o no Estado at\u00e9 o final deste ano. Oficializado nesta ter\u00e7a-feira (8) por meio [&hellip;]<\/p>\n","protected":false},"author":3,"featured_media":36296,"comment_status":"open","ping_status":"open","sticky":false,"template":"","format":"standard","meta":{"om_disable_all_campaigns":false,"_monsterinsights_skip_tracking":false,"_monsterinsights_sitenote_active":false,"_monsterinsights_sitenote_note":"","_monsterinsights_sitenote_category":0,"footnotes":""},"categories":[266,42],"tags":[253,361,118],"aioseo_notices":[],"_links":{"self":[{"href":"https:\/\/expressaoms.com.br\/index.php\/wp-json\/wp\/v2\/posts\/36295"}],"collection":[{"href":"https:\/\/expressaoms.com.br\/index.php\/wp-json\/wp\/v2\/posts"}],"about":[{"href":"https:\/\/expressaoms.com.br\/index.php\/wp-json\/wp\/v2\/types\/post"}],"author":[{"embeddable":true,"href":"https:\/\/expressaoms.com.br\/index.php\/wp-json\/wp\/v2\/users\/3"}],"replies":[{"embeddable":true,"href":"https:\/\/expressaoms.com.br\/index.php\/wp-json\/wp\/v2\/comments?post=36295"}],"version-history":[{"count":1,"href":"https:\/\/expressaoms.com.br\/index.php\/wp-json\/wp\/v2\/posts\/36295\/revisions"}],"predecessor-version":[{"id":36297,"href":"https:\/\/expressaoms.com.br\/index.php\/wp-json\/wp\/v2\/posts\/36295\/revisions\/36297"}],"wp:featuredmedia":[{"embeddable":true,"href":"https:\/\/expressaoms.com.br\/index.php\/wp-json\/wp\/v2\/media\/36296"}],"wp:attachment":[{"href":"https:\/\/expressaoms.com.br\/index.php\/wp-json\/wp\/v2\/media?parent=36295"}],"wp:term":[{"taxonomy":"category","embeddable":true,"href":"https:\/\/expressaoms.com.br\/index.php\/wp-json\/wp\/v2\/categories?post=36295"},{"taxonomy":"post_tag","embeddable":true,"href":"https:\/\/expressaoms.com.br\/index.php\/wp-json\/wp\/v2\/tags?post=36295"}],"curies":[{"name":"wp","href":"https:\/\/api.w.org\/{rel}","templated":true}]}}