{"id":36371,"date":"2025-07-14T09:21:32","date_gmt":"2025-07-14T13:21:32","guid":{"rendered":"https:\/\/expressaoms.com.br\/?p=36371"},"modified":"2025-07-14T09:21:32","modified_gmt":"2025-07-14T13:21:32","slug":"governo-de-ms-planeja-cortar-ate-r-800-milhoes-em-gastos-ate-dezembro","status":"publish","type":"post","link":"https:\/\/expressaoms.com.br\/index.php\/2025\/07\/14\/governo-de-ms-planeja-cortar-ate-r-800-milhoes-em-gastos-ate-dezembro\/","title":{"rendered":"Governo de MS planeja cortar at\u00e9 R$ 800 milh\u00f5es em gastos at\u00e9 dezembro"},"content":{"rendered":"<p><em><strong>Secret\u00e1rio Rodrigo Perez afirma que medida visa equilibrar contas p\u00fablicas e evitar aumento de impostos; estado ultrapassou limite prudencial de despesas com pessoal<\/strong><\/em><\/p>\n<p><strong>Thais Dias<\/strong><\/p>\n<p>O governo de Mato Grosso do Sul espera economizar entre R$ 500 milh\u00f5es e R$ 800 milh\u00f5es at\u00e9 dezembro deste ano com um plano de corte de despesas que deve ser anunciado a partir do pr\u00f3ximo m\u00eas. A revis\u00e3o est\u00e1 focada principalmente em custeio, segundo o secret\u00e1rio de Estado de Governo e Gest\u00e3o Estrat\u00e9gica, Rodrigo Perez.<\/p>\n<p>A medida ainda est\u00e1 em fase de elabora\u00e7\u00e3o, com a administra\u00e7\u00e3o estadual analisando contratos de todas as secretarias para definir onde os cortes ser\u00e3o aplicados. O objetivo, de acordo com o governador Eduardo Riedel (PSDB), \u00e9 priorizar a &#8220;qualidade do gasto&#8221;, evitando medidas impopulares, como aumento de impostos.<\/p>\n<p>Perez destacou que a equipe ainda est\u00e1 finalizando os detalhes do plano. \u201cO corte \u00e9 de agora para dezembro. A gente ainda est\u00e1 fechando esse desenho, que n\u00e3o est\u00e1 pronto\u201d, afirmou. \u201cProjetamos algo em torno de R$ 500 milh\u00f5es a R$ 800 milh\u00f5es de redu\u00e7\u00e3o de custeio no or\u00e7amento anual.\u201d<\/p>\n<p>O secret\u00e1rio tamb\u00e9m refor\u00e7ou a necessidade de medidas mais restritivas para equilibrar as contas p\u00fablicas. \u201cCortar gastos \u00e9 uma pr\u00e1tica recorrente nossa, algo que n\u00f3s sempre olhamos. Mas, agora, estamos pensando em uma medida mais restritiva\u201d, disse, citando uma frase frequentemente usada por Riedel:\u00a0\u201cGasto cresce igual a unha, tem de cortar sempre\u201d.<\/p>\n<p><strong>Equil\u00edbrio fiscal para manter investimentos<\/strong><\/p>\n<p>O governador justificou a medida como essencial para garantir que o estado continue investindo em \u00e1reas estrat\u00e9gicas, como log\u00edstica e infraestrutura. \u201cMato Grosso do Sul passa por um momento em que precisamos discutir a qualidade do gasto\u201d, afirmou Riedel. \u201cExistem outros mecanismos para garantir o crescimento e o desenvolvimento econ\u00f4mico, rubricas que podem ser discutidas para reduzir e melhorar os gastos, sem ser apenas com aumento de impostos.\u201d<\/p>\n<p>A revis\u00e3o de gastos tamb\u00e9m se deve \u00e0 necessidade de ajustar as contas p\u00fablicas. Dados do relat\u00f3rio mais recente de gest\u00e3o fiscal mostram que o estado ultrapassou o limite prudencial de gastos com pessoal, estabelecido em 46,55% da receita corrente l\u00edquida pela Lei de Responsabilidade Fiscal (LRF).<\/p>\n<p>Com uma receita ajustada de R$ 20,63 bilh\u00f5es, as despesas com pessoal chegaram a R$ 9,68 bilh\u00f5es (46,92%), ultrapassando o teto em R$ 80 milh\u00f5es.<\/p>\n<p>A Lei de Diretrizes Or\u00e7ament\u00e1rias (LDO) para 2026, aprovada na semana passada, j\u00e1 sinaliza um aperto nas contas devido a uma proje\u00e7\u00e3o mais cautelosa de arrecada\u00e7\u00e3o e \u00e0 poss\u00edvel ades\u00e3o ao Programa de Pleno Pagamento de D\u00edvidas dos Estados (Propag).<\/p>\n<p>\u201cA referida ades\u00e3o poder\u00e1 acarretar o contingenciamento de gastos\u201d, alertou Riedel em mensagem enviada \u00e0 Assembleia Legislativa (Alems). Enquanto 2025 deve fechar com super\u00e1vit prim\u00e1rio de R$ 366,2 milh\u00f5es, 2026 pode terminar com d\u00e9ficit de R$ 207,2 milh\u00f5es, caso as previs\u00f5es se confirmem.<\/p>\n<p>A medida refor\u00e7a a estrat\u00e9gia do governo para garantir sustentabilidade fiscal sem comprometer o desenvolvimento econ\u00f4mico do estado.<\/p>\n","protected":false},"excerpt":{"rendered":"<p>Secret\u00e1rio Rodrigo Perez afirma que medida visa equilibrar contas p\u00fablicas e evitar aumento de impostos; estado ultrapassou limite prudencial de despesas com pessoal Thais Dias O governo de Mato Grosso do Sul espera economizar entre R$ 500 milh\u00f5es e R$ 800 milh\u00f5es at\u00e9 dezembro deste ano com um plano de corte de despesas que deve [&hellip;]<\/p>\n","protected":false},"author":3,"featured_media":36372,"comment_status":"open","ping_status":"open","sticky":false,"template":"","format":"standard","meta":{"om_disable_all_campaigns":false,"_monsterinsights_skip_tracking":false,"_monsterinsights_sitenote_active":false,"_monsterinsights_sitenote_note":"","_monsterinsights_sitenote_category":0,"footnotes":""},"categories":[31,266,42],"tags":[253,361,118],"aioseo_notices":[],"_links":{"self":[{"href":"https:\/\/expressaoms.com.br\/index.php\/wp-json\/wp\/v2\/posts\/36371"}],"collection":[{"href":"https:\/\/expressaoms.com.br\/index.php\/wp-json\/wp\/v2\/posts"}],"about":[{"href":"https:\/\/expressaoms.com.br\/index.php\/wp-json\/wp\/v2\/types\/post"}],"author":[{"embeddable":true,"href":"https:\/\/expressaoms.com.br\/index.php\/wp-json\/wp\/v2\/users\/3"}],"replies":[{"embeddable":true,"href":"https:\/\/expressaoms.com.br\/index.php\/wp-json\/wp\/v2\/comments?post=36371"}],"version-history":[{"count":1,"href":"https:\/\/expressaoms.com.br\/index.php\/wp-json\/wp\/v2\/posts\/36371\/revisions"}],"predecessor-version":[{"id":36373,"href":"https:\/\/expressaoms.com.br\/index.php\/wp-json\/wp\/v2\/posts\/36371\/revisions\/36373"}],"wp:featuredmedia":[{"embeddable":true,"href":"https:\/\/expressaoms.com.br\/index.php\/wp-json\/wp\/v2\/media\/36372"}],"wp:attachment":[{"href":"https:\/\/expressaoms.com.br\/index.php\/wp-json\/wp\/v2\/media?parent=36371"}],"wp:term":[{"taxonomy":"category","embeddable":true,"href":"https:\/\/expressaoms.com.br\/index.php\/wp-json\/wp\/v2\/categories?post=36371"},{"taxonomy":"post_tag","embeddable":true,"href":"https:\/\/expressaoms.com.br\/index.php\/wp-json\/wp\/v2\/tags?post=36371"}],"curies":[{"name":"wp","href":"https:\/\/api.w.org\/{rel}","templated":true}]}}