{"id":36376,"date":"2025-07-14T12:11:37","date_gmt":"2025-07-14T16:11:37","guid":{"rendered":"https:\/\/expressaoms.com.br\/?p=36376"},"modified":"2025-07-14T12:11:37","modified_gmt":"2025-07-14T16:11:37","slug":"espetaculo-acessivel-emociona-familias-e-mostra-que-cultura-e-para-todos","status":"publish","type":"post","link":"https:\/\/expressaoms.com.br\/index.php\/2025\/07\/14\/espetaculo-acessivel-emociona-familias-e-mostra-que-cultura-e-para-todos\/","title":{"rendered":"Espet\u00e1culo acess\u00edvel emociona fam\u00edlias e mostra que cultura \u00e9 para todos"},"content":{"rendered":"<p><em><strong>Depois do sucesso de &#8216;Os Saltimbancos&#8217;, &#8216;Pinocchio&#8217; promete nova tarde de magia em 26\/07<\/strong><\/em><\/p>\n<p><strong>Thais Dias<\/strong><\/p>\n<p>A Pra\u00e7a Ramez Tebet foi palco de pura magia no \u00faltimo s\u00e1bado (12), com a apresenta\u00e7\u00e3o do espet\u00e1culo infantil\u00a0&#8220;Os Saltimbancos&#8221;, promovido pelo programa\u00a0Divers\u00e3o em Cena\u00a0da Funda\u00e7\u00e3o ArcelorMittal. Cerca de 300 fam\u00edlias se reuniram para assistir \u00e0 encena\u00e7\u00e3o gratuita, que contou com pipoca, acessibilidade em libras e audiodescri\u00e7\u00e3o, e li\u00e7\u00f5es emocionantes sobre amizade e trabalho em equipe.<\/p>\n<p>Inspirado no conto\u00a0&#8220;Os M\u00fasicos de Bremen&#8221;, dos irm\u00e3os Grimm, o musical narrou a hist\u00f3ria de quatro animais \u2013 um jumento, um cachorro, uma galinha e uma gata \u2013 que, ap\u00f3s enfrentarem desafios, descobrem a for\u00e7a da uni\u00e3o. Com m\u00fasicas compostas por Luis Enr\u00edquez Bacalov e texto adaptado por Chico Buarque, a pe\u00e7a emocionou o p\u00fablico, que cantou, bateu palmas e se divertiu com a mensagem atemporal sobre respeito e solidariedade.<\/p>\n<p>A diretora Bel Nobre e a\u00a0Companhia Dos Cl\u00e1ssicos Produ\u00e7\u00f5es\u00a0levaram ao palco uma montagem vibrante, que durou 60 minutos, mas deixou um gostinho de &#8220;quero mais&#8221;. &#8220;Ver as crian\u00e7as rindo e os adultos revivendo essa hist\u00f3ria foi incr\u00edvel. O teatro tem esse poder de unir gera\u00e7\u00f5es&#8221;, comentou uma espectadora.<\/p>\n<p>O evento destacou-se pela acessibilidade, com int\u00e9rpretes de libras e audiodescri\u00e7\u00e3o garantindo que todos pudessem aproveitar a experi\u00eancia. &#8220;Meu filho, que \u00e9 surdo, acompanhou tudo pelo int\u00e9rprete. Foi emocionante v\u00ea-lo t\u00e3o feliz&#8221;, relatou uma m\u00e3e.<\/p>\n<p>A iniciativa, patrocinada pela Funda\u00e7\u00e3o ArcelorMittal por meio da Lei Rouanet e com apoio da Prefeitura de Tr\u00eas Lagoas, refor\u00e7ou o compromisso com a democratiza\u00e7\u00e3o da cultura. &#8220;A arte transforma vidas, e nosso objetivo \u00e9 levar esse acesso a todos&#8221;, afirmou Camila Valverde, diretora-executiva da Funda\u00e7\u00e3o.<\/p>\n<p><strong>E a magia continua!<\/strong><\/p>\n<p>Para quem j\u00e1 est\u00e1 com saudades, uma \u00f3tima not\u00edcia: no dia\u00a026 de julho, o\u00a0Divers\u00e3o em Cena\u00a0apresenta\u00a0&#8220;Pinocchio \u2013 O Musical&#8221;, baseado na obra de Carlo Collodi. A pe\u00e7a promete encantar com a hist\u00f3ria do boneco de madeira que sonha em se tornar um menino de verdade, em uma aventura repleta de ensinamentos sobre honestidade e coragem.<\/p>\n<p><img fetchpriority=\"high\" decoding=\"async\" class=\"alignnone wp-image-36377 size-full\" src=\"https:\/\/expressaoms.com.br\/wp-content\/uploads\/2025\/07\/18-scaled.jpg\" alt=\"\" width=\"2560\" height=\"1707\" srcset=\"https:\/\/expressaoms.com.br\/wp-content\/uploads\/2025\/07\/18-scaled.jpg 2560w, https:\/\/expressaoms.com.br\/wp-content\/uploads\/2025\/07\/18-300x200.jpg 300w, https:\/\/expressaoms.com.br\/wp-content\/uploads\/2025\/07\/18-1024x683.jpg 1024w, https:\/\/expressaoms.com.br\/wp-content\/uploads\/2025\/07\/18-768x512.jpg 768w, https:\/\/expressaoms.com.br\/wp-content\/uploads\/2025\/07\/18-1536x1024.jpg 1536w, https:\/\/expressaoms.com.br\/wp-content\/uploads\/2025\/07\/18-2048x1365.jpg 2048w, https:\/\/expressaoms.com.br\/wp-content\/uploads\/2025\/07\/18-600x400.jpg 600w\" sizes=\"(max-width: 2560px) 100vw, 2560px\" \/><\/p>\n","protected":false},"excerpt":{"rendered":"<p>Depois do sucesso de &#8216;Os Saltimbancos&#8217;, &#8216;Pinocchio&#8217; promete nova tarde de magia em 26\/07 Thais Dias A Pra\u00e7a Ramez Tebet foi palco de pura magia no \u00faltimo s\u00e1bado (12), com a apresenta\u00e7\u00e3o do espet\u00e1culo infantil\u00a0&#8220;Os Saltimbancos&#8221;, promovido pelo programa\u00a0Divers\u00e3o em Cena\u00a0da Funda\u00e7\u00e3o ArcelorMittal. Cerca de 300 fam\u00edlias se reuniram para assistir \u00e0 encena\u00e7\u00e3o gratuita, que [&hellip;]<\/p>\n","protected":false},"author":3,"featured_media":36378,"comment_status":"open","ping_status":"open","sticky":false,"template":"","format":"standard","meta":{"om_disable_all_campaigns":false,"_monsterinsights_skip_tracking":false,"_monsterinsights_sitenote_active":false,"_monsterinsights_sitenote_note":"","_monsterinsights_sitenote_category":0,"footnotes":""},"categories":[29,35,36,48],"tags":[253,361,447,172],"aioseo_notices":[],"_links":{"self":[{"href":"https:\/\/expressaoms.com.br\/index.php\/wp-json\/wp\/v2\/posts\/36376"}],"collection":[{"href":"https:\/\/expressaoms.com.br\/index.php\/wp-json\/wp\/v2\/posts"}],"about":[{"href":"https:\/\/expressaoms.com.br\/index.php\/wp-json\/wp\/v2\/types\/post"}],"author":[{"embeddable":true,"href":"https:\/\/expressaoms.com.br\/index.php\/wp-json\/wp\/v2\/users\/3"}],"replies":[{"embeddable":true,"href":"https:\/\/expressaoms.com.br\/index.php\/wp-json\/wp\/v2\/comments?post=36376"}],"version-history":[{"count":1,"href":"https:\/\/expressaoms.com.br\/index.php\/wp-json\/wp\/v2\/posts\/36376\/revisions"}],"predecessor-version":[{"id":36380,"href":"https:\/\/expressaoms.com.br\/index.php\/wp-json\/wp\/v2\/posts\/36376\/revisions\/36380"}],"wp:featuredmedia":[{"embeddable":true,"href":"https:\/\/expressaoms.com.br\/index.php\/wp-json\/wp\/v2\/media\/36378"}],"wp:attachment":[{"href":"https:\/\/expressaoms.com.br\/index.php\/wp-json\/wp\/v2\/media?parent=36376"}],"wp:term":[{"taxonomy":"category","embeddable":true,"href":"https:\/\/expressaoms.com.br\/index.php\/wp-json\/wp\/v2\/categories?post=36376"},{"taxonomy":"post_tag","embeddable":true,"href":"https:\/\/expressaoms.com.br\/index.php\/wp-json\/wp\/v2\/tags?post=36376"}],"curies":[{"name":"wp","href":"https:\/\/api.w.org\/{rel}","templated":true}]}}