{"id":37101,"date":"2025-08-08T15:29:02","date_gmt":"2025-08-08T19:29:02","guid":{"rendered":"https:\/\/expressaoms.com.br\/?p=37101"},"modified":"2025-08-08T15:29:02","modified_gmt":"2025-08-08T19:29:02","slug":"o-samba-perde-seu-maestro-morre-arlindo-cruz-aos-66-anos","status":"publish","type":"post","link":"https:\/\/expressaoms.com.br\/index.php\/2025\/08\/08\/o-samba-perde-seu-maestro-morre-arlindo-cruz-aos-66-anos\/","title":{"rendered":"O Samba Perde seu Maestro: Morre Arlindo Cruz, aos 66 Anos"},"content":{"rendered":"<p><strong><em>O samba perde sua voz, mas seu legado ecoar\u00e1 eternamente em cada roda, em cada verso que celebrou a vida com alegria e poesia<\/em><\/strong><\/p>\n<p>&nbsp;<\/p>\n<p><strong>Thais Dias<\/strong><\/p>\n<p>Nesta sexta-feira (8), a m\u00fasica brasileira perdeu um de seus maiores expoentes. Arlindo Cruz, compositor e int\u00e9rprete que marcou gera\u00e7\u00f5es com seu samba cheio de poesia e gingado, faleceu aos 66 anos no Rio de Janeiro. Internado na Casa de Sa\u00fade S\u00e3o Jos\u00e9 para tratamento de uma pneumonia, o artista n\u00e3o resistiu \u00e0s complica\u00e7\u00f5es de sa\u00fade que o acompanhavam desde o acidente vascular cerebral sofrido em 2017. A not\u00edcia foi confirmada pela fam\u00edlia, deixando f\u00e3s e colegas de profiss\u00e3o em profundo luto.<\/p>\n<p class=\"ds-markdown-paragraph\">Nascido em 14 de setembro de 1958 no Rio de Janeiro, Arlindo Domingos da Cruz Filho descobriu cedo seu dom musical. Aos 7 anos ganhou o primeiro cavaquinho e, ainda crian\u00e7a, j\u00e1 tirava m\u00fasicas de ouvido com impressionante facilidade. Sua trajet\u00f3ria se entrela\u00e7a com a hist\u00f3ria do samba moderno, tendo sido um dos pilares do movimento que renovou o g\u00eanero nas d\u00e9cadas de 1980 e 1990. O Cacique de Ramos, ber\u00e7o do pagode carioca, foi sua escola e palco de conviv\u00eancia com outros grandes nomes como Jorge Arag\u00e3o, Almir Guineto, Beth Carvalho e Zeca Pagodinho.<\/p>\n<p class=\"ds-markdown-paragraph\">Com mais de 550 composi\u00e7\u00f5es gravadas, Arlindo Cruz deixou um legado musical inestim\u00e1vel. Foi um dos fundadores do lend\u00e1rio Fundo de Quintal, grupo que revolucionou o samba com novas sonoridades, e posteriormente construiu uma bem-sucedida carreira solo. Suas can\u00e7\u00f5es como &#8220;Meu Lugar&#8221;, &#8220;O Bem&#8221;, &#8220;O Show Tem Que Continuar&#8221; e &#8220;Ser\u00e1 Que \u00c9 Amor&#8221; se tornaram verdadeiros hinos, cantados em todo o pa\u00eds e eternizados na mem\u00f3ria afetiva dos brasileiros.<\/p>\n<p class=\"ds-markdown-paragraph\">O carnaval tamb\u00e9m foi palco de suas cria\u00e7\u00f5es geniais. Arlindo comp\u00f4s sambas-enredo para grandes escolas como Imp\u00e9rio Serrano, Grande Rio, Unidos de Vila Isabel e Le\u00e3o de Nova Igua\u00e7u. Em 2023, recebeu uma das maiores honras quando se tornou enredo do Imp\u00e9rio Serrano, tendo sua vida e obra celebradas na Marqu\u00eas de Sapuca\u00ed.<\/p>\n<p class=\"ds-markdown-paragraph\">Os \u00faltimos anos foram de desafios para o artista. Desde o AVC hemorr\u00e1gico em 2017, enfrentou diversas interna\u00e7\u00f5es e complica\u00e7\u00f5es de sa\u00fade, sempre cercado pelo amor da esposa Babi Cruz e dos filhos Arlindinho e Flora. Apesar das limita\u00e7\u00f5es f\u00edsicas, manteve-se presente no cora\u00e7\u00e3o dos f\u00e3s e continuou sendo fonte de inspira\u00e7\u00e3o para novos m\u00fasicos.<\/p>\n<p class=\"ds-markdown-paragraph\">Arlindo Cruz deixa como heran\u00e7a n\u00e3o apenas suas m\u00fasicas, mas um exemplo de dedica\u00e7\u00e3o, alegria e amor ao samba. Sua capacidade de transformar o cotidiano em poesia musical fez dele um dos maiores compositores populares do Brasil. Como diz um de seus versos mais famosos, &#8220;o show tem que continuar&#8221; &#8211; e continuar\u00e1, agora nos cora\u00e7\u00f5es de quem teve o privil\u00e9gio de viver em um Brasil que teve Arlindo Cruz.<\/p>\n<p class=\"ds-markdown-paragraph\">O vel\u00f3rio do artista ser\u00e1 realizado neste s\u00e1bado (9), com local e hor\u00e1rio a serem confirmados pela fam\u00edlia. O Brasil se prepara para dizer seu \u00faltimo adeus a esse gigante da m\u00fasica brasileira, cuja obra permanecer\u00e1 viva enquanto houver samba e gente que ama a boa m\u00fasica.<\/p>\n","protected":false},"excerpt":{"rendered":"<p>O samba perde sua voz, mas seu legado ecoar\u00e1 eternamente em cada roda, em cada verso que celebrou a vida com alegria e poesia &nbsp; Thais Dias Nesta sexta-feira (8), a m\u00fasica brasileira perdeu um de seus maiores expoentes. Arlindo Cruz, compositor e int\u00e9rprete que marcou gera\u00e7\u00f5es com seu samba cheio de poesia e gingado, [&hellip;]<\/p>\n","protected":false},"author":5,"featured_media":37102,"comment_status":"open","ping_status":"open","sticky":false,"template":"","format":"standard","meta":{"om_disable_all_campaigns":false,"_monsterinsights_skip_tracking":false,"_monsterinsights_sitenote_active":false,"_monsterinsights_sitenote_note":"","_monsterinsights_sitenote_category":0,"footnotes":""},"categories":[246,30,36,39],"tags":[462,461,463],"aioseo_notices":[],"_links":{"self":[{"href":"https:\/\/expressaoms.com.br\/index.php\/wp-json\/wp\/v2\/posts\/37101"}],"collection":[{"href":"https:\/\/expressaoms.com.br\/index.php\/wp-json\/wp\/v2\/posts"}],"about":[{"href":"https:\/\/expressaoms.com.br\/index.php\/wp-json\/wp\/v2\/types\/post"}],"author":[{"embeddable":true,"href":"https:\/\/expressaoms.com.br\/index.php\/wp-json\/wp\/v2\/users\/5"}],"replies":[{"embeddable":true,"href":"https:\/\/expressaoms.com.br\/index.php\/wp-json\/wp\/v2\/comments?post=37101"}],"version-history":[{"count":1,"href":"https:\/\/expressaoms.com.br\/index.php\/wp-json\/wp\/v2\/posts\/37101\/revisions"}],"predecessor-version":[{"id":37103,"href":"https:\/\/expressaoms.com.br\/index.php\/wp-json\/wp\/v2\/posts\/37101\/revisions\/37103"}],"wp:featuredmedia":[{"embeddable":true,"href":"https:\/\/expressaoms.com.br\/index.php\/wp-json\/wp\/v2\/media\/37102"}],"wp:attachment":[{"href":"https:\/\/expressaoms.com.br\/index.php\/wp-json\/wp\/v2\/media?parent=37101"}],"wp:term":[{"taxonomy":"category","embeddable":true,"href":"https:\/\/expressaoms.com.br\/index.php\/wp-json\/wp\/v2\/categories?post=37101"},{"taxonomy":"post_tag","embeddable":true,"href":"https:\/\/expressaoms.com.br\/index.php\/wp-json\/wp\/v2\/tags?post=37101"}],"curies":[{"name":"wp","href":"https:\/\/api.w.org\/{rel}","templated":true}]}}