{"id":37190,"date":"2025-08-13T08:29:01","date_gmt":"2025-08-13T12:29:01","guid":{"rendered":"https:\/\/expressaoms.com.br\/?p=37190"},"modified":"2025-08-13T08:29:01","modified_gmt":"2025-08-13T12:29:01","slug":"comarca-de-tres-lagoas-abre-inscricoes-para-processo-seletivo-de-estagio-com-vagas-em-tres-areas","status":"publish","type":"post","link":"https:\/\/expressaoms.com.br\/index.php\/2025\/08\/13\/comarca-de-tres-lagoas-abre-inscricoes-para-processo-seletivo-de-estagio-com-vagas-em-tres-areas\/","title":{"rendered":"Comarca de Tr\u00eas Lagoas abre inscri\u00e7\u00f5es para processo seletivo de est\u00e1gio com vagas em tr\u00eas \u00e1reas"},"content":{"rendered":"<p><em><strong>Oportunidade para estudantes ganharem experi\u00eancia na \u00e1rea jur\u00eddica com bolsa-aux\u00edlio e benef\u00edcios<\/strong><\/em><\/p>\n<p>&nbsp;<\/p>\n<p>Thais Dias<\/p>\n<p class=\"ds-markdown-paragraph\">A Comarca de Tr\u00eas Lagoas est\u00e1 com inscri\u00e7\u00f5es abertas para seu mais recente processo seletivo de est\u00e1gio, voltado para acad\u00eamicos dos cursos de Administra\u00e7\u00e3o, Servi\u00e7o Social e Psicologia. Os interessados devem comparecer pessoalmente \u00e0 Secretaria do Foro at\u00e9 o dia 15 de agosto, no hor\u00e1rio das 13h30 \u00e0s 17h30, para realizar sua inscri\u00e7\u00e3o.<\/p>\n<p class=\"ds-markdown-paragraph\">O processo seletivo ser\u00e1 composto por uma prova objetiva contendo 20 quest\u00f5es de conhecimento espec\u00edfico relacionadas ao curso do candidato e 10 quest\u00f5es de L\u00edngua Portuguesa. A avalia\u00e7\u00e3o est\u00e1 marcada para o dia 23 de agosto, das 8h \u00e0s 11h, na Escola Estadual Jo\u00e3o Magiano Pinto, localizada na Avenida Ant\u00f4nio Trajano dos Santos, n\u00ba 1662, no Centro de Tr\u00eas Lagoas.<\/p>\n<p class=\"ds-markdown-paragraph\">Podem participar do seletivo estudantes regularmente matriculados do primeiro ao antepen\u00faltimo semestre em institui\u00e7\u00f5es de ensino superior p\u00fablicas ou privadas. Ser\u00e3o considerados aprovados os candidatos que obtiverem no m\u00ednimo 50% de acertos no total da prova. A classifica\u00e7\u00e3o seguir\u00e1 a ordem de pontua\u00e7\u00e3o, conforme as necessidades da Administra\u00e7\u00e3o.<\/p>\n<p class=\"ds-markdown-paragraph\">O edital estabelece pol\u00edticas de inclus\u00e3o social, reservando 10% das vagas para pessoas com defici\u00eancia, 30% para candidatos negros e 3% para ind\u00edgenas. O resultado final ser\u00e1 divulgado atrav\u00e9s de listagem afixada no mural do pr\u00e9dio do F\u00f3rum da comarca.<\/p>\n<p class=\"ds-markdown-paragraph\">Os estagi\u00e1rios selecionados ter\u00e3o contrato com dura\u00e7\u00e3o inicial de um ano, pass\u00edvel de prorroga\u00e7\u00e3o por igual per\u00edodo. A carga hor\u00e1ria ser\u00e1 de cinco horas di\u00e1rias, de segunda a sexta-feira. Os selecionados receber\u00e3o bolsa-aux\u00edlio e aux\u00edlio-transporte, com valores a serem definidos pela Administra\u00e7\u00e3o.<\/p>\n<p class=\"ds-markdown-paragraph\">Esta \u00e9 uma oportunidade valiosa para os acad\u00eamicos adquirirem experi\u00eancia pr\u00e1tica em um ambiente jur\u00eddico, complementando sua forma\u00e7\u00e3o acad\u00eamica. A Comarca refor\u00e7a a import\u00e2ncia do est\u00e1gio como porta de entrada para o mercado de trabalho e incentiva a participa\u00e7\u00e3o de todos os estudantes qualificados.<\/p>\n<p class=\"ds-markdown-paragraph\">Para mais informa\u00e7\u00f5es, os interessados devem procurar a Secretaria do Foro da Comarca de Tr\u00eas Lagoas ou consultar o edital completo dispon\u00edvel no local. O endere\u00e7o para inscri\u00e7\u00f5es \u00e9 o mesmo onde funciona o F\u00f3rum da cidade. A organiza\u00e7\u00e3o ressalta a import\u00e2ncia de observar atentamente os prazos e requisitos para garantir a participa\u00e7\u00e3o no processo seletivo.<\/p>\n","protected":false},"excerpt":{"rendered":"<p>Oportunidade para estudantes ganharem experi\u00eancia na \u00e1rea jur\u00eddica com bolsa-aux\u00edlio e benef\u00edcios &nbsp; Thais Dias A Comarca de Tr\u00eas Lagoas est\u00e1 com inscri\u00e7\u00f5es abertas para seu mais recente processo seletivo de est\u00e1gio, voltado para acad\u00eamicos dos cursos de Administra\u00e7\u00e3o, Servi\u00e7o Social e Psicologia. Os interessados devem comparecer pessoalmente \u00e0 Secretaria do Foro at\u00e9 o dia [&hellip;]<\/p>\n","protected":false},"author":5,"featured_media":37191,"comment_status":"open","ping_status":"open","sticky":false,"template":"","format":"standard","meta":{"om_disable_all_campaigns":false,"_monsterinsights_skip_tracking":false,"_monsterinsights_sitenote_active":false,"_monsterinsights_sitenote_note":"","_monsterinsights_sitenote_category":0,"footnotes":""},"categories":[30,266,318,193,48],"tags":[113,130,172],"aioseo_notices":[],"_links":{"self":[{"href":"https:\/\/expressaoms.com.br\/index.php\/wp-json\/wp\/v2\/posts\/37190"}],"collection":[{"href":"https:\/\/expressaoms.com.br\/index.php\/wp-json\/wp\/v2\/posts"}],"about":[{"href":"https:\/\/expressaoms.com.br\/index.php\/wp-json\/wp\/v2\/types\/post"}],"author":[{"embeddable":true,"href":"https:\/\/expressaoms.com.br\/index.php\/wp-json\/wp\/v2\/users\/5"}],"replies":[{"embeddable":true,"href":"https:\/\/expressaoms.com.br\/index.php\/wp-json\/wp\/v2\/comments?post=37190"}],"version-history":[{"count":1,"href":"https:\/\/expressaoms.com.br\/index.php\/wp-json\/wp\/v2\/posts\/37190\/revisions"}],"predecessor-version":[{"id":37192,"href":"https:\/\/expressaoms.com.br\/index.php\/wp-json\/wp\/v2\/posts\/37190\/revisions\/37192"}],"wp:featuredmedia":[{"embeddable":true,"href":"https:\/\/expressaoms.com.br\/index.php\/wp-json\/wp\/v2\/media\/37191"}],"wp:attachment":[{"href":"https:\/\/expressaoms.com.br\/index.php\/wp-json\/wp\/v2\/media?parent=37190"}],"wp:term":[{"taxonomy":"category","embeddable":true,"href":"https:\/\/expressaoms.com.br\/index.php\/wp-json\/wp\/v2\/categories?post=37190"},{"taxonomy":"post_tag","embeddable":true,"href":"https:\/\/expressaoms.com.br\/index.php\/wp-json\/wp\/v2\/tags?post=37190"}],"curies":[{"name":"wp","href":"https:\/\/api.w.org\/{rel}","templated":true}]}}