{"id":37316,"date":"2025-08-18T08:36:11","date_gmt":"2025-08-18T12:36:11","guid":{"rendered":"https:\/\/expressaoms.com.br\/?p=37316"},"modified":"2025-08-18T08:36:11","modified_gmt":"2025-08-18T12:36:11","slug":"pl-impoe-regras-rigidas-que-ameacam-alianca-entre-azambuja-e-riedel-em-ms","status":"publish","type":"post","link":"https:\/\/expressaoms.com.br\/index.php\/2025\/08\/18\/pl-impoe-regras-rigidas-que-ameacam-alianca-entre-azambuja-e-riedel-em-ms\/","title":{"rendered":"PL imp\u00f5e regras r\u00edgidas que amea\u00e7am alian\u00e7a entre Azambuja e Riedel em MS"},"content":{"rendered":"<p class=\"ds-markdown-paragraph\">O Partido Liberal (PL) aprovou uma resolu\u00e7\u00e3o que pode comprometer os planos pol\u00edticos do ex-governador Reinaldo Azambuja e do governador Eduardo Riedel para as elei\u00e7\u00f5es de 2026 em Mato Grosso do Sul. A Resolu\u00e7\u00e3o Administrativa n\u00ba 10\/2025, assinada pelo presidente nacional Valdemar Costa Neto, pro\u00edbe terminantemente que filiados ao PL manifestem apoio a candidatos de outras legendas, sob pena de severas san\u00e7\u00f5es partid\u00e1rias.<\/p>\n<p class=\"ds-markdown-paragraph\">O documento, que entrou em vigor em 29 de julho, estabelece que qualquer detentor de mandato eleito pelo PL que apoiar publicamente pr\u00e9-candidatos de outros partidos estar\u00e1 sujeito a puni\u00e7\u00f5es que incluem desde a perda de acesso a recursos do Fundo Partid\u00e1rio e do Fundo Eleitoral at\u00e9 a poss\u00edvel expuls\u00e3o da legenda. A medida ainda prev\u00ea a interven\u00e7\u00e3o em diret\u00f3rios estaduais e municipais que descumprirem as determina\u00e7\u00f5es.<\/p>\n<p class=\"ds-markdown-paragraph\">Essa decis\u00e3o coloca em xeque a articula\u00e7\u00e3o pol\u00edtica que vinha sendo costurada entre Azambuja, prestes a se filiar ao PL para concorrer ao Senado, e Riedel, que planeja migrar para o PP em busca da reelei\u00e7\u00e3o ao governo do estado. Especialistas em direito eleitoral avaliam que a resolu\u00e7\u00e3o pode limitar significativamente a capacidade de Azambuja de apoiar abertamente o governador.<\/p>\n<p class=\"ds-markdown-paragraph\">O advogado eleitoralista Ricardo Grance explica que a medida reflete a estrat\u00e9gia nacional do PL de manter coes\u00e3o interna: &#8220;O partido quer evitar a dispers\u00e3o de apoio em um ano eleitoral crucial. Quem descumprir as regras pode ter a candidatura comprometida e perder acesso a recursos essenciais&#8221;. Ele destaca que a situa\u00e7\u00e3o se torna mais complexa em MS devido \u00e0 influ\u00eancia da senadora Tereza Cristina (PP), aliada de Bolsonaro, que mant\u00e9m rela\u00e7\u00f5es pr\u00f3ximas com o PL.<\/p>\n<p class=\"ds-markdown-paragraph\">Azambuja, no entanto, minimiza os impactos da resolu\u00e7\u00e3o. Em declara\u00e7\u00e3o, o ex-governador afirmou: &#8220;Todas nossas a\u00e7\u00f5es est\u00e3o sendo coordenadas com o presidente Valdemar Costa Neto, incluindo o apoio do PL \u00e0 reelei\u00e7\u00e3o de Riedel. Essa medida n\u00e3o altera nossos planos&#8221;. Apesar da postura otimista, analistas pol\u00edticos avaliam que a rigidez das novas regras pode for\u00e7ar ambos os lados a repensarem suas estrat\u00e9gias de campanha.<\/p>\n<p class=\"ds-markdown-paragraph\">O cen\u00e1rio se complica ainda mais quando se considera a tradicional pr\u00e1tica pol\u00edtica sul-mato-grossense de distribuir candidaturas por diversas legendas para ampliar a base eleitoral &#8211; estrat\u00e9gia que agora encontra obst\u00e1culos nas novas diretrizes do PL. Enquanto Riedel busca consolidar uma ampla frente multipartid\u00e1ria para sua reelei\u00e7\u00e3o, Azambuja v\u00ea suas op\u00e7\u00f5es de articula\u00e7\u00e3o reduzidas pelas restri\u00e7\u00f5es impostas por seu futuro partido.<\/p>\n<p class=\"ds-markdown-paragraph\">A resolu\u00e7\u00e3o do PL surge em um momento delicado da pol\u00edtica estadual, colocando \u00e0 prova a capacidade de adapta\u00e7\u00e3o dos principais atores pol\u00edticos de Mato Grosso do Sul \u00e0s novas regras do jogo eleitoral. O desfecho desse impasse dever\u00e1 definir os rumos das alian\u00e7as que moldar\u00e3o a disputa eleitoral de 2026 no estado.<\/p>\n","protected":false},"excerpt":{"rendered":"<p>O Partido Liberal (PL) aprovou uma resolu\u00e7\u00e3o que pode comprometer os planos pol\u00edticos do ex-governador Reinaldo Azambuja e do governador Eduardo Riedel para as elei\u00e7\u00f5es de 2026 em Mato Grosso do Sul. A Resolu\u00e7\u00e3o Administrativa n\u00ba 10\/2025, assinada pelo presidente nacional Valdemar Costa Neto, pro\u00edbe terminantemente que filiados ao PL manifestem apoio a candidatos de [&hellip;]<\/p>\n","protected":false},"author":5,"featured_media":37317,"comment_status":"open","ping_status":"open","sticky":false,"template":"","format":"standard","meta":{"om_disable_all_campaigns":false,"_monsterinsights_skip_tracking":false,"_monsterinsights_sitenote_active":false,"_monsterinsights_sitenote_note":"","_monsterinsights_sitenote_category":0,"footnotes":""},"categories":[27,30,266,193],"tags":[97,430,141],"aioseo_notices":[],"_links":{"self":[{"href":"https:\/\/expressaoms.com.br\/index.php\/wp-json\/wp\/v2\/posts\/37316"}],"collection":[{"href":"https:\/\/expressaoms.com.br\/index.php\/wp-json\/wp\/v2\/posts"}],"about":[{"href":"https:\/\/expressaoms.com.br\/index.php\/wp-json\/wp\/v2\/types\/post"}],"author":[{"embeddable":true,"href":"https:\/\/expressaoms.com.br\/index.php\/wp-json\/wp\/v2\/users\/5"}],"replies":[{"embeddable":true,"href":"https:\/\/expressaoms.com.br\/index.php\/wp-json\/wp\/v2\/comments?post=37316"}],"version-history":[{"count":1,"href":"https:\/\/expressaoms.com.br\/index.php\/wp-json\/wp\/v2\/posts\/37316\/revisions"}],"predecessor-version":[{"id":37318,"href":"https:\/\/expressaoms.com.br\/index.php\/wp-json\/wp\/v2\/posts\/37316\/revisions\/37318"}],"wp:featuredmedia":[{"embeddable":true,"href":"https:\/\/expressaoms.com.br\/index.php\/wp-json\/wp\/v2\/media\/37317"}],"wp:attachment":[{"href":"https:\/\/expressaoms.com.br\/index.php\/wp-json\/wp\/v2\/media?parent=37316"}],"wp:term":[{"taxonomy":"category","embeddable":true,"href":"https:\/\/expressaoms.com.br\/index.php\/wp-json\/wp\/v2\/categories?post=37316"},{"taxonomy":"post_tag","embeddable":true,"href":"https:\/\/expressaoms.com.br\/index.php\/wp-json\/wp\/v2\/tags?post=37316"}],"curies":[{"name":"wp","href":"https:\/\/api.w.org\/{rel}","templated":true}]}}