{"id":37319,"date":"2025-08-18T09:57:03","date_gmt":"2025-08-18T13:57:03","guid":{"rendered":"https:\/\/expressaoms.com.br\/?p=37319"},"modified":"2025-08-18T09:58:23","modified_gmt":"2025-08-18T13:58:23","slug":"bolivia-definira-presidente-em-2o-turno-entre-dois-candidatos-de-direita","status":"publish","type":"post","link":"https:\/\/expressaoms.com.br\/index.php\/2025\/08\/18\/bolivia-definira-presidente-em-2o-turno-entre-dois-candidatos-de-direita\/","title":{"rendered":"Bol\u00edvia definir\u00e1 presidente em 2\u00ba turno entre dois candidatos de direita"},"content":{"rendered":"<p>A Bol\u00edvia definir\u00e1 o presidente em um segundo turno entre Rodrigo Paz, um senador de centro-direita, que se tornou a surpresa do primeiro turno, e o ex-presidente de direita Jorge &#8220;Tuto&#8221; Quiroga, segundo os resultados preliminares oficiais que confirmam o decl\u00ednio da esquerda que governou o pa\u00eds por 20 anos.<\/p>\n<p>Paz, 57 anos, filho do ex-presidente Jaime Paz Zamora (1989-1993), registra 32,1% dos votos com 92% das urnas apuradas, de acordo com o resultado preliminar do Tribunal Supremo Eleitoral.<\/p>\n<p>O senador da cidade de Tarija e candidato do Partido Democrata Crist\u00e3o (PDC) superou todas as previs\u00f5es. Nenhuma pesquisa havia antecipado sua passagem para o segundo turno.<\/p>\n<p>Paz enfrentar\u00e1 Quiroga, 65 anos, em 19 de outubro, em um duelo in\u00e9dito da direita. Quiroga recebeu 26,8% dos votos.<\/p>\n<p>O senador, que nasceu na Espanha e cresceu no ex\u00edlio devido \u00e0 persegui\u00e7\u00e3o que seus pais sofreram durante as ditaduras militares, superou o grande favorito das pesquisas, Samuel Doria Medina (19,85% dos votos).<\/p>\n<p>As elei\u00e7\u00f5es marcaram o fim de 20 anos de governos do Movimento Ao Socialismo (MAS), liderados por Evo Morales e depois pelo presidente Luis Arce, que entregar\u00e1 o poder em novembro.<\/p>\n<p>&#8220;Al\u00e9m do MAS, quero parabenizar o povo boliviano, porque disse: &#8216;quero mudar, e este \u00e9 um sinal de mudan\u00e7a&#8221;, destacou Paz diante de centenas de simpatizantes que o aguardavam na entrada da sede de sua campanha em La Paz.<\/p>\n<p>Os bolivianos votaram no momento de pior crise econ\u00f4mica em d\u00e9cadas devido \u00e0 escassez de d\u00f3lares, combust\u00edveis e alguns produtos b\u00e1sicos, al\u00e9m de uma infla\u00e7\u00e3o anual de quase 25%, a maior em 17 anos.<\/p>\n<p>Durante a administra\u00e7\u00e3o de Arce, a Bol\u00edvia, antes um rico produtor de g\u00e1s e com importantes recursos de l\u00edtio por explorar, quase esgotou suas reservas em divisas devido aos subs\u00eddios aos combust\u00edveis que chegam aos 11,3 milh\u00f5es de habitantes.<\/p>\n<p>Alba Luz Arratia, de 18 anos e prestes a ingressar na universidade, votou confiante na mudan\u00e7a. &#8220;Estamos em uma situa\u00e7\u00e3o muito dif\u00edcil, mas sim temos esperan\u00e7a de que tudo saia bem&#8221;, afirmou ap\u00f3s votar pela primeira vez.<\/p>\n<p>Mais de 7,9 milh\u00f5es de bolivianos tamb\u00e9m votaram para renovar o Congresso de 166 membros.<\/p>\n<h2>Novo horizonte<\/h2>\n<p>Quase de maneira un\u00e2nime, os candidatos prometeram uma mudan\u00e7a diante do desencanto da maioria com a esquerda liderada por Morales.<\/p>\n<p>Paz tem uma ampla trajet\u00f3ria pol\u00edtica. Foi deputado e prefeito e agora \u00e9 senador por Tarija. Seu plano de governo prev\u00ea o corte do que ele chama de &#8220;gastos sup\u00e9rfluos&#8221; no Estado, a luta contra a corrup\u00e7\u00e3o e um sal\u00e1rio universal para as mulheres.<\/p>\n<p>O candidato afirmou que, em caso de vit\u00f3ria no segundo turno, pretende mudar o modelo econ\u00f4mico imposto pela esquerda nos \u00faltimos 20 anos na Bol\u00edvia. &#8220;Espero que o Parlamento nos ajude a mudar este modelo econ\u00f4mico que trabalha para o Estado e n\u00e3o para os bolivianos&#8221;, disse.<\/p>\n<p>Ap\u00f3s o an\u00fancio dos resultados, Quiroga insistiu em sua promessa de estabilizar a economia, &#8220;interromper a crise, recuperar a confian\u00e7a, esmagar a infla\u00e7\u00e3o&#8221;.<\/p>\n<p>&#8220;A crise n\u00e3o vai diminuir. Vai piorar, vai ficar mais dura, mais dif\u00edcil. \u00c9 o maior desafio institucional, econ\u00f4mico, moral da nossa hist\u00f3ria. E vamos enfrentar todos juntos&#8221;, disse aos seus eleitores.<\/p>\n<p>Paz e Quiroga concordam que Evo Morales deve prestar contas \u00e0 Justi\u00e7a.<\/p>\n<h2>&#8220;Sem legitimidade&#8221;<\/h2>\n<p>Morales, primeiro presidente ind\u00edgena da Bol\u00edvia, que governou entre 2006 e 2019, tentou concorrer nesta elei\u00e7\u00e3o a um quarto mandato.<\/p>\n<p>Uma decis\u00e3o judicial o impediu de apresentar a candidatura ao proibir a reelei\u00e7\u00e3o por mais de uma vez. Al\u00e9m disso, enfrenta uma ordem de pris\u00e3o pela suposta explora\u00e7\u00e3o de uma menor quando era presidente, acusa\u00e7\u00e3o que ele nega.<\/p>\n<p>O l\u00edder cocaleiro, de 65 anos, que durante sua gest\u00e3o conseguiu reduzir a pobreza e triplicar o PIB com seu plano de nacionaliza\u00e7\u00f5es, rompeu de forma irreconcili\u00e1vel com Arce, o que implodiu o MAS.<\/p>\n<p>Desde outubro, ele permanece resguardado em um pequeno povoado no centro da Bol\u00edvia, onde simpatizantes o protegem para evitar sua deten\u00e7\u00e3o. Desvinculado do MAS, fez campanha pelo voto nulo.<\/p>\n<p>No domingo, ele saiu de seu ref\u00fagio para votar. &#8220;Esta vota\u00e7\u00e3o vai demonstrar que \u00e9 uma elei\u00e7\u00e3o sem legitimidade&#8221;, disse. Segundo a apura\u00e7\u00e3o preliminar, 19,2% dos eleitores anularam o voto.<\/p>\n","protected":false},"excerpt":{"rendered":"<p>A Bol\u00edvia definir\u00e1 o presidente em um segundo turno entre Rodrigo Paz, um senador de centro-direita, que se tornou a surpresa do primeiro turno, e o ex-presidente de direita Jorge &#8220;Tuto&#8221; Quiroga, segundo os resultados preliminares oficiais que confirmam o decl\u00ednio da esquerda que governou o pa\u00eds por 20 anos. Paz, 57 anos, filho do [&hellip;]<\/p>\n","protected":false},"author":3,"featured_media":37322,"comment_status":"open","ping_status":"open","sticky":false,"template":"","format":"standard","meta":{"om_disable_all_campaigns":false,"_monsterinsights_skip_tracking":false,"_monsterinsights_sitenote_active":false,"_monsterinsights_sitenote_note":"","_monsterinsights_sitenote_category":0,"footnotes":""},"categories":[246],"tags":[],"aioseo_notices":[],"_links":{"self":[{"href":"https:\/\/expressaoms.com.br\/index.php\/wp-json\/wp\/v2\/posts\/37319"}],"collection":[{"href":"https:\/\/expressaoms.com.br\/index.php\/wp-json\/wp\/v2\/posts"}],"about":[{"href":"https:\/\/expressaoms.com.br\/index.php\/wp-json\/wp\/v2\/types\/post"}],"author":[{"embeddable":true,"href":"https:\/\/expressaoms.com.br\/index.php\/wp-json\/wp\/v2\/users\/3"}],"replies":[{"embeddable":true,"href":"https:\/\/expressaoms.com.br\/index.php\/wp-json\/wp\/v2\/comments?post=37319"}],"version-history":[{"count":1,"href":"https:\/\/expressaoms.com.br\/index.php\/wp-json\/wp\/v2\/posts\/37319\/revisions"}],"predecessor-version":[{"id":37321,"href":"https:\/\/expressaoms.com.br\/index.php\/wp-json\/wp\/v2\/posts\/37319\/revisions\/37321"}],"wp:featuredmedia":[{"embeddable":true,"href":"https:\/\/expressaoms.com.br\/index.php\/wp-json\/wp\/v2\/media\/37322"}],"wp:attachment":[{"href":"https:\/\/expressaoms.com.br\/index.php\/wp-json\/wp\/v2\/media?parent=37319"}],"wp:term":[{"taxonomy":"category","embeddable":true,"href":"https:\/\/expressaoms.com.br\/index.php\/wp-json\/wp\/v2\/categories?post=37319"},{"taxonomy":"post_tag","embeddable":true,"href":"https:\/\/expressaoms.com.br\/index.php\/wp-json\/wp\/v2\/tags?post=37319"}],"curies":[{"name":"wp","href":"https:\/\/api.w.org\/{rel}","templated":true}]}}