{"id":37355,"date":"2025-08-18T09:42:24","date_gmt":"2025-08-18T13:42:24","guid":{"rendered":"https:\/\/expressaoms.com.br\/?p=37355"},"modified":"2025-08-18T23:47:50","modified_gmt":"2025-08-19T03:47:50","slug":"liderancas-do-psdb-se-reunem-em-ms-em-meio-a-articulacoes-sobre-futuro-de-azambuja-e-avanco-do-pl","status":"publish","type":"post","link":"https:\/\/expressaoms.com.br\/index.php\/2025\/08\/18\/liderancas-do-psdb-se-reunem-em-ms-em-meio-a-articulacoes-sobre-futuro-de-azambuja-e-avanco-do-pl\/","title":{"rendered":"Lideran\u00e7as do PSDB se re\u00fanem em MS para articula\u00e7\u00f5es sobre futuro de Azambuja e o avan\u00e7o do PL"},"content":{"rendered":"<p data-start=\"224\" data-end=\"522\">O presidente nacional do PSDB, Marconi Perillo, cumpre agenda em Mato Grosso do Sul nesta segunda-feira (18) para um encontro reservado com o governador Eduardo Riedel (PSDB) e o ex-governador Reinaldo Azambuja. Tamb\u00e9m participam do almo\u00e7o os deputados federais Beto Pereira e Dagoberto Nogueira.<\/p>\n<p data-start=\"524\" data-end=\"898\">A movimenta\u00e7\u00e3o ocorre em meio a intensas articula\u00e7\u00f5es nos bastidores. Azambuja j\u00e1 \u00e9 tratado como futuro integrante do PL e deve assumir o comando da legenda no Estado. A decis\u00e3o foi constru\u00edda em di\u00e1logo com a dire\u00e7\u00e3o nacional e \u00e9 vista como irrevers\u00edvel, mesmo diante da crise nacional que atinge o partido, marcada pela pris\u00e3o domiciliar do ex-presidente Jair Bolsonaro.<\/p>\n<p data-start=\"900\" data-end=\"1222\">Enquanto isso, Riedel mant\u00e9m cautela. O governador ainda n\u00e3o sinalizou mudan\u00e7as partid\u00e1rias, mas interlocutores reconhecem que cresce a press\u00e3o sobre seu posicionamento. A prioridade imediata seria preservar a coes\u00e3o do grupo pol\u00edtico, evitando rupturas em um momento em que o PL ganha musculatura em Mato Grosso do Sul.<\/p>\n<h3 data-start=\"1224\" data-end=\"1247\">Cen\u00e1rio eleitoral<\/h3>\n<p data-start=\"1248\" data-end=\"1598\">A movimenta\u00e7\u00e3o tem potencial de alterar o equil\u00edbrio pol\u00edtico j\u00e1 de olho em 2026. Lideran\u00e7as tucanas admitem preocupa\u00e7\u00e3o com os reflexos nas disputas para a C\u00e2mara Federal e a Assembleia Legislativa, al\u00e9m da sucess\u00e3o estadual. A entrada de Azambuja no PL pode abrir espa\u00e7o para novas candidaturas e comprometer planos de reelei\u00e7\u00e3o de parlamentares.<\/p>\n<p data-start=\"1600\" data-end=\"1838\">A presen\u00e7a de Marconi Perillo d\u00e1 peso extra ao encontro desta segunda. As conversas podem redefinir alian\u00e7as tanto para as elei\u00e7\u00f5es municipais quanto para o cen\u00e1rio estadual, onde o PSDB busca manter protagonismo diante do avan\u00e7o do PL.<\/p>\n","protected":false},"excerpt":{"rendered":"<p>O presidente nacional do PSDB, Marconi Perillo, cumpre agenda em Mato Grosso do Sul nesta segunda-feira (18) para um encontro reservado com o governador Eduardo Riedel (PSDB) e o ex-governador Reinaldo Azambuja. Tamb\u00e9m participam do almo\u00e7o os deputados federais Beto Pereira e Dagoberto Nogueira. A movimenta\u00e7\u00e3o ocorre em meio a intensas articula\u00e7\u00f5es nos bastidores. Azambuja [&hellip;]<\/p>\n","protected":false},"author":2,"featured_media":37356,"comment_status":"open","ping_status":"open","sticky":false,"template":"","format":"standard","meta":{"om_disable_all_campaigns":false,"_monsterinsights_skip_tracking":false,"_monsterinsights_sitenote_active":false,"_monsterinsights_sitenote_note":"","_monsterinsights_sitenote_category":0,"footnotes":""},"categories":[30,266,42],"tags":[],"aioseo_notices":[],"_links":{"self":[{"href":"https:\/\/expressaoms.com.br\/index.php\/wp-json\/wp\/v2\/posts\/37355"}],"collection":[{"href":"https:\/\/expressaoms.com.br\/index.php\/wp-json\/wp\/v2\/posts"}],"about":[{"href":"https:\/\/expressaoms.com.br\/index.php\/wp-json\/wp\/v2\/types\/post"}],"author":[{"embeddable":true,"href":"https:\/\/expressaoms.com.br\/index.php\/wp-json\/wp\/v2\/users\/2"}],"replies":[{"embeddable":true,"href":"https:\/\/expressaoms.com.br\/index.php\/wp-json\/wp\/v2\/comments?post=37355"}],"version-history":[{"count":2,"href":"https:\/\/expressaoms.com.br\/index.php\/wp-json\/wp\/v2\/posts\/37355\/revisions"}],"predecessor-version":[{"id":37358,"href":"https:\/\/expressaoms.com.br\/index.php\/wp-json\/wp\/v2\/posts\/37355\/revisions\/37358"}],"wp:featuredmedia":[{"embeddable":true,"href":"https:\/\/expressaoms.com.br\/index.php\/wp-json\/wp\/v2\/media\/37356"}],"wp:attachment":[{"href":"https:\/\/expressaoms.com.br\/index.php\/wp-json\/wp\/v2\/media?parent=37355"}],"wp:term":[{"taxonomy":"category","embeddable":true,"href":"https:\/\/expressaoms.com.br\/index.php\/wp-json\/wp\/v2\/categories?post=37355"},{"taxonomy":"post_tag","embeddable":true,"href":"https:\/\/expressaoms.com.br\/index.php\/wp-json\/wp\/v2\/tags?post=37355"}],"curies":[{"name":"wp","href":"https:\/\/api.w.org\/{rel}","templated":true}]}}