{"id":37359,"date":"2025-08-18T22:17:58","date_gmt":"2025-08-19T02:17:58","guid":{"rendered":"https:\/\/expressaoms.com.br\/?p=37359"},"modified":"2025-08-19T00:20:22","modified_gmt":"2025-08-19T04:20:22","slug":"prefeito-dr-cassiano-maia-projeta-tres-lagoas-como-referencia-nacional-no-setor-florestal-durante-evento-em-ms","status":"publish","type":"post","link":"https:\/\/expressaoms.com.br\/index.php\/2025\/08\/18\/prefeito-dr-cassiano-maia-projeta-tres-lagoas-como-referencia-nacional-no-setor-florestal-durante-evento-em-ms\/","title":{"rendered":"Prefeito Dr. Cassiano Maia projeta Tr\u00eas Lagoas como refer\u00eancia nacional no setor florestal durante evento em MS"},"content":{"rendered":"<p data-start=\"241\" data-end=\"710\">Durante o 7\u00ba Congresso Florestal de Mato Grosso do Sul, realizado nesta semana em Tr\u00eas Lagoas, o prefeito Cassiano Rojas Maia destacou o papel de lideran\u00e7a do munic\u00edpio no cen\u00e1rio dos grandes empreendimentos de base florestal. O evento, que integra tamb\u00e9m a programa\u00e7\u00e3o do Show Florestal, reuniu gestores p\u00fablicos e representantes do setor produtivo para debater pol\u00edticas p\u00fablicas e os impactos socioecon\u00f4micos nas cidades chamadas de \u201c\u00e2ncoras\u201d da ind\u00fastria florestal.<\/p>\n<p data-start=\"712\" data-end=\"1108\">O painel \u201cPol\u00edticas P\u00fablicas: Os Benef\u00edcios e Desafios das Cidades \u00c2ncoras dos Megaempreendimentos Florestais\u201d contou com a media\u00e7\u00e3o de Junior Ramires, s\u00f3cio-diretor das Empresas Ramires e presidente da Reflore\/MS. Al\u00e9m de Cassiano Maia, participaram os prefeitos Roberson Moureira (Ribas do Rio Pardo), Ant\u00f4nio \u00c2ngelo Garcia dos Santos (Inoc\u00eancia) e o vice-prefeito de Bataguassu, Cleyton Silva.<\/p>\n<p data-start=\"1110\" data-end=\"1436\">Na ocasi\u00e3o, os gestores discutiram como os munic\u00edpios est\u00e3o se adaptando ao crescimento acelerado impulsionado pelo setor florestal, abordando temas como infraestrutura urbana, habita\u00e7\u00e3o, sa\u00fade, educa\u00e7\u00e3o e seguran\u00e7a p\u00fablica. O debate tamb\u00e9m trouxe \u00e0 tona estrat\u00e9gias para garantir um desenvolvimento equilibrado e sustent\u00e1vel.<\/p>\n<p data-start=\"1438\" data-end=\"1818\">Cassiano Maia foi enf\u00e1tico ao afirmar o protagonismo de Tr\u00eas Lagoas nesse processo de transforma\u00e7\u00e3o econ\u00f4mica.<br data-start=\"1548\" data-end=\"1551\" \/>\u201cHoje tive a honra de participar do 7\u00b0 Congresso Florestal de MS, realizado em paralelo ao Show Florestal. Um dia marcado por aprendizado, conex\u00f5es e troca de experi\u00eancias que refor\u00e7am a import\u00e2ncia desse setor para o desenvolvimento sustent\u00e1vel\u201d, afirmou o prefeito.<\/p>\n<p data-start=\"1820\" data-end=\"2029\">Ele tamb\u00e9m ressaltou a relev\u00e2ncia do munic\u00edpio como sede de grandes eventos ligados ao setor produtivo:<br data-start=\"1923\" data-end=\"1926\" \/>\u201cTr\u00eas Lagoas, mais uma vez, mostra sua grandiosidade ao receber um evento dessa relev\u00e2ncia\u201d, completou.<\/p>\n<p data-start=\"2031\" data-end=\"2393\">Segundo Maia, o papel do poder p\u00fablico \u00e9 ser parceiro do progresso.<br data-start=\"2098\" data-end=\"2101\" \/>\u201cTemos de ser propiciadores do progresso. Quanto mais as empresas e a popula\u00e7\u00e3o precisarem, dentro do que for poss\u00edvel, n\u00f3s temos de correr atr\u00e1s. \u00c9 como preparar o terreno: oferecer infraestrutura, tecnologia e m\u00e3o de obra qualificada para acolher e potencializar os investimentos\u201d, pontuou.<\/p>\n<p data-start=\"2395\" data-end=\"2668\">O painel permitiu ainda a intera\u00e7\u00e3o direta com o p\u00fablico presente, ampliando o debate sobre os desafios enfrentados e as oportunidades que surgem para os munic\u00edpios inseridos no chamado \u201cVale da Celulose\u201d, regi\u00e3o que abriga algumas das maiores opera\u00e7\u00f5es florestais do pa\u00eds.<\/p>\n<p data-start=\"2670\" data-end=\"2962\">O 7\u00ba Congresso Florestal de MS contou com patroc\u00ednio master das empresas Arauco, Bracell, Eldorado Brasil e Suzano. Tamb\u00e9m apoiaram o evento o Sistema Fiems, Sesi-Senai, Senar\/MS e, como patrocinadores Gold, as empresas Eco Brasil Bioenergia, Lacan Florestal e Manulife Investment Management.<\/p>\n<p data-start=\"2964\" data-end=\"3189\">A realiza\u00e7\u00e3o \u00e9 da Reflore\/MS, com organiza\u00e7\u00e3o da Malinovski, apoio master do Sebrae e da Secretaria de Meio Ambiente, Desenvolvimento, Ci\u00eancia, Tecnologia e Inova\u00e7\u00e3o (Semadesc), al\u00e9m de apoio regional do Shopping Tr\u00eas Lagoas.<\/p>\n","protected":false},"excerpt":{"rendered":"<p>Durante o 7\u00ba Congresso Florestal de Mato Grosso do Sul, realizado nesta semana em Tr\u00eas Lagoas, o prefeito Cassiano Rojas Maia destacou o papel de lideran\u00e7a do munic\u00edpio no cen\u00e1rio dos grandes empreendimentos de base florestal. O evento, que integra tamb\u00e9m a programa\u00e7\u00e3o do Show Florestal, reuniu gestores p\u00fablicos e representantes do setor produtivo para [&hellip;]<\/p>\n","protected":false},"author":2,"featured_media":37360,"comment_status":"open","ping_status":"open","sticky":false,"template":"","format":"standard","meta":{"om_disable_all_campaigns":false,"_monsterinsights_skip_tracking":false,"_monsterinsights_sitenote_active":false,"_monsterinsights_sitenote_note":"","_monsterinsights_sitenote_category":0,"footnotes":""},"categories":[30,42,48],"tags":[],"aioseo_notices":[],"_links":{"self":[{"href":"https:\/\/expressaoms.com.br\/index.php\/wp-json\/wp\/v2\/posts\/37359"}],"collection":[{"href":"https:\/\/expressaoms.com.br\/index.php\/wp-json\/wp\/v2\/posts"}],"about":[{"href":"https:\/\/expressaoms.com.br\/index.php\/wp-json\/wp\/v2\/types\/post"}],"author":[{"embeddable":true,"href":"https:\/\/expressaoms.com.br\/index.php\/wp-json\/wp\/v2\/users\/2"}],"replies":[{"embeddable":true,"href":"https:\/\/expressaoms.com.br\/index.php\/wp-json\/wp\/v2\/comments?post=37359"}],"version-history":[{"count":1,"href":"https:\/\/expressaoms.com.br\/index.php\/wp-json\/wp\/v2\/posts\/37359\/revisions"}],"predecessor-version":[{"id":37361,"href":"https:\/\/expressaoms.com.br\/index.php\/wp-json\/wp\/v2\/posts\/37359\/revisions\/37361"}],"wp:featuredmedia":[{"embeddable":true,"href":"https:\/\/expressaoms.com.br\/index.php\/wp-json\/wp\/v2\/media\/37360"}],"wp:attachment":[{"href":"https:\/\/expressaoms.com.br\/index.php\/wp-json\/wp\/v2\/media?parent=37359"}],"wp:term":[{"taxonomy":"category","embeddable":true,"href":"https:\/\/expressaoms.com.br\/index.php\/wp-json\/wp\/v2\/categories?post=37359"},{"taxonomy":"post_tag","embeddable":true,"href":"https:\/\/expressaoms.com.br\/index.php\/wp-json\/wp\/v2\/tags?post=37359"}],"curies":[{"name":"wp","href":"https:\/\/api.w.org\/{rel}","templated":true}]}}