{"id":37392,"date":"2025-08-19T17:01:37","date_gmt":"2025-08-19T21:01:37","guid":{"rendered":"https:\/\/expressaoms.com.br\/?p=37392"},"modified":"2025-08-19T17:01:37","modified_gmt":"2025-08-19T21:01:37","slug":"condenado-por-violencia-domestica-e-recapturado-em-tres-lagoas-durante-operacao-nacional","status":"publish","type":"post","link":"https:\/\/expressaoms.com.br\/index.php\/2025\/08\/19\/condenado-por-violencia-domestica-e-recapturado-em-tres-lagoas-durante-operacao-nacional\/","title":{"rendered":"Condenado por viol\u00eancia dom\u00e9stica \u00e9 recapturado em Tr\u00eas Lagoas durante opera\u00e7\u00e3o nacional"},"content":{"rendered":"<p data-start=\"219\" data-end=\"547\">Um homem de 32 anos, condenado por crimes de viol\u00eancia dom\u00e9stica e foragido do regime semiaberto, foi preso na tarde desta ter\u00e7a-feira (19) em Tr\u00eas Lagoas. A captura foi realizada pela Pol\u00edcia Civil, por meio da 3\u00aa Delegacia de Pol\u00edcia, no \u00e2mbito da Opera\u00e7\u00e3o Shamar \u2014 iniciativa nacional que combate a viol\u00eancia contra a mulher.<\/p>\n<p data-start=\"549\" data-end=\"846\">O foragido foi localizado no bairro Jardim das Oliveiras, ap\u00f3s integra\u00e7\u00e3o entre equipes da 3\u00aa DPTL e da Delegacia de Atendimento \u00e0 Mulher (DAM). Segundo a pol\u00edcia, ele estava evadido do sistema prisional e foi identificado a partir de cruzamento de informa\u00e7\u00f5es realizado pelas unidades envolvidas.<\/p>\n<p data-start=\"848\" data-end=\"973\">Ap\u00f3s a pris\u00e3o, o homem foi encaminhado \u00e0 Depac de Tr\u00eas Lagoas para as medidas legais e ser\u00e1 colocado \u00e0 disposi\u00e7\u00e3o da Justi\u00e7a.<\/p>\n<p data-start=\"975\" data-end=\"1314\">A Opera\u00e7\u00e3o Shamar re\u00fane Pol\u00edcias Civis de todo o pa\u00eds em a\u00e7\u00f5es voltadas \u00e0 repress\u00e3o da viol\u00eancia de g\u00eanero e \u00e0 responsabiliza\u00e7\u00e3o de agressores. A Pol\u00edcia Civil de Mato Grosso do Sul refor\u00e7a que segue empenhada na prote\u00e7\u00e3o das v\u00edtimas e pede o apoio da popula\u00e7\u00e3o com den\u00fancias an\u00f4nimas pelo n\u00famero 197 ou via WhatsApp, pelo (67) 99991-6698.<\/p>\n","protected":false},"excerpt":{"rendered":"<p>Um homem de 32 anos, condenado por crimes de viol\u00eancia dom\u00e9stica e foragido do regime semiaberto, foi preso na tarde desta ter\u00e7a-feira (19) em Tr\u00eas Lagoas. A captura foi realizada pela Pol\u00edcia Civil, por meio da 3\u00aa Delegacia de Pol\u00edcia, no \u00e2mbito da Opera\u00e7\u00e3o Shamar \u2014 iniciativa nacional que combate a viol\u00eancia contra a mulher. [&hellip;]<\/p>\n","protected":false},"author":2,"featured_media":37393,"comment_status":"open","ping_status":"open","sticky":false,"template":"","format":"standard","meta":{"om_disable_all_campaigns":false,"_monsterinsights_skip_tracking":false,"_monsterinsights_sitenote_active":false,"_monsterinsights_sitenote_note":"","_monsterinsights_sitenote_category":0,"footnotes":""},"categories":[30,41,48],"tags":[],"aioseo_notices":[],"_links":{"self":[{"href":"https:\/\/expressaoms.com.br\/index.php\/wp-json\/wp\/v2\/posts\/37392"}],"collection":[{"href":"https:\/\/expressaoms.com.br\/index.php\/wp-json\/wp\/v2\/posts"}],"about":[{"href":"https:\/\/expressaoms.com.br\/index.php\/wp-json\/wp\/v2\/types\/post"}],"author":[{"embeddable":true,"href":"https:\/\/expressaoms.com.br\/index.php\/wp-json\/wp\/v2\/users\/2"}],"replies":[{"embeddable":true,"href":"https:\/\/expressaoms.com.br\/index.php\/wp-json\/wp\/v2\/comments?post=37392"}],"version-history":[{"count":1,"href":"https:\/\/expressaoms.com.br\/index.php\/wp-json\/wp\/v2\/posts\/37392\/revisions"}],"predecessor-version":[{"id":37394,"href":"https:\/\/expressaoms.com.br\/index.php\/wp-json\/wp\/v2\/posts\/37392\/revisions\/37394"}],"wp:featuredmedia":[{"embeddable":true,"href":"https:\/\/expressaoms.com.br\/index.php\/wp-json\/wp\/v2\/media\/37393"}],"wp:attachment":[{"href":"https:\/\/expressaoms.com.br\/index.php\/wp-json\/wp\/v2\/media?parent=37392"}],"wp:term":[{"taxonomy":"category","embeddable":true,"href":"https:\/\/expressaoms.com.br\/index.php\/wp-json\/wp\/v2\/categories?post=37392"},{"taxonomy":"post_tag","embeddable":true,"href":"https:\/\/expressaoms.com.br\/index.php\/wp-json\/wp\/v2\/tags?post=37392"}],"curies":[{"name":"wp","href":"https:\/\/api.w.org\/{rel}","templated":true}]}}