{"id":37668,"date":"2025-08-29T09:57:58","date_gmt":"2025-08-29T13:57:58","guid":{"rendered":"https:\/\/expressaoms.com.br\/?p=37668"},"modified":"2025-08-29T09:57:58","modified_gmt":"2025-08-29T13:57:58","slug":"filiacao-de-azambuja-no-pl-deve-ser-dia-12-de-setembro","status":"publish","type":"post","link":"https:\/\/expressaoms.com.br\/index.php\/2025\/08\/29\/filiacao-de-azambuja-no-pl-deve-ser-dia-12-de-setembro\/","title":{"rendered":"Filia\u00e7\u00e3o de Azambuja no PL deve ser dia 12 de setembro"},"content":{"rendered":"<p>O atual presidente do PSDB e ex-governador de Mato Grosso do Sul, Reinaldo Azambuja, deve se filiar ao Partido Liberal (PL) no dia 12 de setembro, conforme fontes confirmaram ao Express\u00e3o MS. O tucano j\u00e1 tinha anunciado que o ato seria na primeira quinzena do pr\u00f3ximo m\u00eas.<\/p>\n<p>Alinhado com a executiva nacional do PL, presidente Valdemar da Costa Neto, Azambuja assume a presid\u00eancia da agremia\u00e7\u00e3o no Mato Grosso do Sul e deve gerar grandes mudan\u00e7as na sigla. Com uma bancada de dois deputados federais (Marcos Pollon e Rodolfo Nogueira) e tr\u00eas estaduais (Coronel David, Jo\u00e3o Henrique Catan e Neno Razuk), a expectativa \u00e9 que novos parlamentares se filiem ao PL na janela partid\u00e1ria de 2026.<\/p>\n<p>Pr\u00e9-candidatos a deputados federais, Neno Razuk e Mara Caseiro (PSDB) devem compor a chapa para a C\u00e2mara dos Deputados. Nos bastidores acredita-se que Pollon e Catan busquem outros partidos por considerarem que Azambuja n\u00e3o representa a extrema-direita.<\/p>\n<p>Catan faz oposi\u00e7\u00e3o ao governo Eduardo Riedel e tamb\u00e9m \u00e9 cr\u00edtico a Reinaldo Azambuja. Em seus discursos na Assembleia Legislativa tem endossado que a extrema direita precisa ter um candidato pr\u00f3prio para a disputa ao Executivo de Mato Grosso do Sul, situa\u00e7\u00e3o invi\u00e1vel no PL. O partido ir\u00e1 apoiar a reelei\u00e7\u00e3o da atual gest\u00e3o.<\/p>\n<p>Al\u00e9m de assumir a presid\u00eancia do PL, Azambuja \u00e9 pr\u00e9-candidato do partido ao Senado Federal. Nas elei\u00e7\u00f5es de 2026 ser\u00e3o duas vagas e Reinaldo \u00e9 o n\u00famero um no palanque de Riedel.<\/p>\n","protected":false},"excerpt":{"rendered":"<p>O atual presidente do PSDB e ex-governador de Mato Grosso do Sul, Reinaldo Azambuja, deve se filiar ao Partido Liberal (PL) no dia 12 de setembro, conforme fontes confirmaram ao Express\u00e3o MS. O tucano j\u00e1 tinha anunciado que o ato seria na primeira quinzena do pr\u00f3ximo m\u00eas. Alinhado com a executiva nacional do PL, presidente [&hellip;]<\/p>\n","protected":false},"author":5,"featured_media":37669,"comment_status":"open","ping_status":"open","sticky":false,"template":"","format":"standard","meta":{"om_disable_all_campaigns":false,"_monsterinsights_skip_tracking":false,"_monsterinsights_sitenote_active":false,"_monsterinsights_sitenote_note":"","_monsterinsights_sitenote_category":0,"footnotes":""},"categories":[27,266,193],"tags":[],"aioseo_notices":[],"_links":{"self":[{"href":"https:\/\/expressaoms.com.br\/index.php\/wp-json\/wp\/v2\/posts\/37668"}],"collection":[{"href":"https:\/\/expressaoms.com.br\/index.php\/wp-json\/wp\/v2\/posts"}],"about":[{"href":"https:\/\/expressaoms.com.br\/index.php\/wp-json\/wp\/v2\/types\/post"}],"author":[{"embeddable":true,"href":"https:\/\/expressaoms.com.br\/index.php\/wp-json\/wp\/v2\/users\/5"}],"replies":[{"embeddable":true,"href":"https:\/\/expressaoms.com.br\/index.php\/wp-json\/wp\/v2\/comments?post=37668"}],"version-history":[{"count":1,"href":"https:\/\/expressaoms.com.br\/index.php\/wp-json\/wp\/v2\/posts\/37668\/revisions"}],"predecessor-version":[{"id":37670,"href":"https:\/\/expressaoms.com.br\/index.php\/wp-json\/wp\/v2\/posts\/37668\/revisions\/37670"}],"wp:featuredmedia":[{"embeddable":true,"href":"https:\/\/expressaoms.com.br\/index.php\/wp-json\/wp\/v2\/media\/37669"}],"wp:attachment":[{"href":"https:\/\/expressaoms.com.br\/index.php\/wp-json\/wp\/v2\/media?parent=37668"}],"wp:term":[{"taxonomy":"category","embeddable":true,"href":"https:\/\/expressaoms.com.br\/index.php\/wp-json\/wp\/v2\/categories?post=37668"},{"taxonomy":"post_tag","embeddable":true,"href":"https:\/\/expressaoms.com.br\/index.php\/wp-json\/wp\/v2\/tags?post=37668"}],"curies":[{"name":"wp","href":"https:\/\/api.w.org\/{rel}","templated":true}]}}