{"id":37811,"date":"2025-08-30T18:18:26","date_gmt":"2025-08-30T22:18:26","guid":{"rendered":"https:\/\/expressaoms.com.br\/?p=37811"},"modified":"2025-09-02T20:21:25","modified_gmt":"2025-09-03T00:21:25","slug":"paulo-correa-e-homenageado-com-trofeu-colibri-de-prata-pelo-creci-ms","status":"publish","type":"post","link":"https:\/\/expressaoms.com.br\/index.php\/2025\/08\/30\/paulo-correa-e-homenageado-com-trofeu-colibri-de-prata-pelo-creci-ms\/","title":{"rendered":"Paulo Corr\u00eaa \u00e9 homenageado com Trof\u00e9u Colibri de Prata pelo Creci-MS"},"content":{"rendered":"<p>O deputado estadual Paulo Corr\u00eaa (PSDB) recebeu, nesta sexta-feira (29), o Trof\u00e9u Colibri de Prata, honraria concedida pelo Conselho Regional de Corretores de Im\u00f3veis da 14\u00aa Regi\u00e3o (Creci-MS). A homenagem reconhece a atua\u00e7\u00e3o de Corr\u00eaa como corretor de im\u00f3veis e sua contribui\u00e7\u00e3o para o fortalecimento da categoria em Mato Grosso do Sul.<\/p>\n<p>Al\u00e9m de engenheiro civil, profiss\u00e3o na qual construiu parte de sua trajet\u00f3ria, Paulo Corr\u00eaa tamb\u00e9m \u00e9 corretor de im\u00f3veis. Em seu discurso de agradecimento, destacou a import\u00e2ncia da profiss\u00e3o para o crescimento econ\u00f4mico e urbano do Estado.<\/p>\n<blockquote><p>\u201cSer reconhecido pelo Creci-MS \u00e9 motivo de grande honra. O setor imobili\u00e1rio \u00e9 um dos pilares do desenvolvimento do nosso Estado e tenho muito orgulho de fazer parte dessa categoria, que tanto contribui para o progresso de Mato Grosso do Sul\u201d, afirmou o parlamentar.<\/p><\/blockquote>\n<p>O Trof\u00e9u Colibri de Prata \u00e9 entregue a profissionais e personalidades que se destacam no fortalecimento do mercado imobili\u00e1rio, valorizando iniciativas que estimulam o desenvolvimento econ\u00f4mico e social.<\/p>\n<p>Com a homenagem, Paulo Corr\u00eaa reafirmou sua liga\u00e7\u00e3o com a categoria e o compromisso de seguir apoiando o setor, que gera emprego, renda e qualidade de vida para os sul-mato-grossenses.<\/p>\n<blockquote><p>\u201cMato Grosso do Sul vive um momento de crescimento e, com ele, cresce tamb\u00e9m a oferta de im\u00f3veis, impulsionando novos investimentos, oportunidades e mais qualidade de vida para a popula\u00e7\u00e3o. Essa \u00e9 uma conquista que s\u00f3 \u00e9 poss\u00edvel gra\u00e7as ao trabalho dedicado de milhares de corretores, que todos os dias ajudam fam\u00edlias a realizarem o sonho da casa pr\u00f3pria e contribuem diretamente para o desenvolvimento do nosso Estado\u201d, completou Corr\u00eaa.<\/p><\/blockquote>\n","protected":false},"excerpt":{"rendered":"<p>O deputado estadual Paulo Corr\u00eaa (PSDB) recebeu, nesta sexta-feira (29), o Trof\u00e9u Colibri de Prata, honraria concedida pelo Conselho Regional de Corretores de Im\u00f3veis da 14\u00aa Regi\u00e3o (Creci-MS). A homenagem reconhece a atua\u00e7\u00e3o de Corr\u00eaa como corretor de im\u00f3veis e sua contribui\u00e7\u00e3o para o fortalecimento da categoria em Mato Grosso do Sul. Al\u00e9m de engenheiro [&hellip;]<\/p>\n","protected":false},"author":3,"featured_media":37812,"comment_status":"open","ping_status":"open","sticky":false,"template":"","format":"standard","meta":{"om_disable_all_campaigns":false,"_monsterinsights_skip_tracking":false,"_monsterinsights_sitenote_active":false,"_monsterinsights_sitenote_note":"","_monsterinsights_sitenote_category":0,"footnotes":""},"categories":[266,42],"tags":[],"aioseo_notices":[],"_links":{"self":[{"href":"https:\/\/expressaoms.com.br\/index.php\/wp-json\/wp\/v2\/posts\/37811"}],"collection":[{"href":"https:\/\/expressaoms.com.br\/index.php\/wp-json\/wp\/v2\/posts"}],"about":[{"href":"https:\/\/expressaoms.com.br\/index.php\/wp-json\/wp\/v2\/types\/post"}],"author":[{"embeddable":true,"href":"https:\/\/expressaoms.com.br\/index.php\/wp-json\/wp\/v2\/users\/3"}],"replies":[{"embeddable":true,"href":"https:\/\/expressaoms.com.br\/index.php\/wp-json\/wp\/v2\/comments?post=37811"}],"version-history":[{"count":1,"href":"https:\/\/expressaoms.com.br\/index.php\/wp-json\/wp\/v2\/posts\/37811\/revisions"}],"predecessor-version":[{"id":37813,"href":"https:\/\/expressaoms.com.br\/index.php\/wp-json\/wp\/v2\/posts\/37811\/revisions\/37813"}],"wp:featuredmedia":[{"embeddable":true,"href":"https:\/\/expressaoms.com.br\/index.php\/wp-json\/wp\/v2\/media\/37812"}],"wp:attachment":[{"href":"https:\/\/expressaoms.com.br\/index.php\/wp-json\/wp\/v2\/media?parent=37811"}],"wp:term":[{"taxonomy":"category","embeddable":true,"href":"https:\/\/expressaoms.com.br\/index.php\/wp-json\/wp\/v2\/categories?post=37811"},{"taxonomy":"post_tag","embeddable":true,"href":"https:\/\/expressaoms.com.br\/index.php\/wp-json\/wp\/v2\/tags?post=37811"}],"curies":[{"name":"wp","href":"https:\/\/api.w.org\/{rel}","templated":true}]}}