{"id":37890,"date":"2025-09-04T12:46:19","date_gmt":"2025-09-04T16:46:19","guid":{"rendered":"https:\/\/expressaoms.com.br\/?p=37890"},"modified":"2025-09-04T12:46:19","modified_gmt":"2025-09-04T16:46:19","slug":"tres-lagoas-brilha-no-sebraejor-2025-estudantes-e-profissionais-locais-sao-destaque-em-premiacao-de-jornalismo","status":"publish","type":"post","link":"https:\/\/expressaoms.com.br\/index.php\/2025\/09\/04\/tres-lagoas-brilha-no-sebraejor-2025-estudantes-e-profissionais-locais-sao-destaque-em-premiacao-de-jornalismo\/","title":{"rendered":"Tr\u00eas Lagoas Brilha no SebraeJor 2025: Estudantes e Profissionais Locais S\u00e3o Destaque em Premia\u00e7\u00e3o de Jornalismo"},"content":{"rendered":"<p class=\"ds-markdown-paragraph\"><strong><em>Evento estadual reuniu comunicadores em Campo Grande e destacou o potencial empreendedor de Mato Grosso do Sul, com participa\u00e7\u00e3o especial de talentos tr\u00eas-lagoenses<\/em><\/strong><\/p>\n<p>&nbsp;<\/p>\n<p class=\"ds-markdown-paragraph\">A s\u00e9tima edi\u00e7\u00e3o do SebraeJor, principal encontro de jornalistas e comunicadores de\u00a0Mato Grosso do Sul, realizada na \u00faltima ter\u00e7a-feira (2), foi palco de celebra\u00e7\u00e3o e reconhecimento para\u00a0Tr\u00eas Lagoas. O evento, promovido pelo Sebrae\/MS com o tema\u00a0<em>\u201cJornalismo sem fronteiras: conex\u00f5es que transformam\u201d<\/em>, n\u00e3o s\u00f3 debateu os rumos da imprensa no Estado, mas tamb\u00e9m consagrou trabalhos produzidos na cidade, revelando o talento local em \u00e2mbito estadual.<\/p>\n<p class=\"ds-markdown-paragraph\">O destaque tr\u00eas-lagoense veio pela dupla conquista: na categoria profissional, a\u00a0R\u00e1dio Massa FM de Tr\u00eas Lagoas\u00a0garantiu o\u00a03\u00ba lugar em Jornalismo em \u00c1udio\u00a0com a reportagem\u00a0<em>\u201cCat\u00e1logo da Esperan\u00e7a: o artesanato que transforma realidades em Nova Porto XV\u201d<\/em>, das autorias de\u00a0Kelly Martins e Marcos Phelipe. J\u00e1 na categoria\u00a0Jornalismo Universit\u00e1rio, os acad\u00eamicos de\u00a0Jornalismo das Faculdades Integradas AEMS de Tr\u00eas Lagoas\u00a0levaram o\u00a01\u00ba lugar\u00a0com o trabalho\u00a0<em>\u201cArtes\u00e3o de Tr\u00eas Lagoas transforma cocos descartados em arte sustent\u00e1vel\u201d<\/em>, desenvolvido por\u00a0Any Gabriely Rodrigues Galv\u00e3o\u00a0e sua equipe, sob orienta\u00e7\u00e3o da professora\u00a0Emily Souza Cust\u00f3dio.<\/p>\n<p class=\"ds-markdown-paragraph\">Para Any Gabriely, que representou o grupo na cerim\u00f4nia, a vit\u00f3ria simboliza a for\u00e7a do jornalismo regional.\u00a0<em>\u201c\u00c9 muito gratificante participar e falo isso por todos n\u00f3s. Est\u00e1vamos ansiosos e nervosos, mas \u00e9 uma honra estar aqui. Esse \u00e9 um trabalho em grupo que une turmas do primeiro e do terceiro ano, uma oportunidade de conex\u00e3o e de vivenciar um evento incr\u00edvel como este\u201d<\/em>, comemorou.<\/p>\n<p class=\"ds-markdown-paragraph\">O evento contou com a presen\u00e7a de autoridades estaduais, como\u00a0Jaime Verruck, vice-presidente do Conselho Deliberativo Estadual do Sebrae\/MS e secret\u00e1rio de Estado de Meio Ambiente, Desenvolvimento, Ci\u00eancia, Tecnologia e Inova\u00e7\u00e3o (Semadesc), que ministrou palestra sobre o cen\u00e1rio econ\u00f4mico sul-mato-grossense, enfatizando o crescimento do Estado e a gera\u00e7\u00e3o de oportunidades.\u00a0<em>\u201cTrouxemos alguns dados e situa\u00e7\u00f5es positivas que mostram o nosso cen\u00e1rio econ\u00f4mico e pautas que podem ser trabalhadas em prol do desenvolvimento de Mato Grosso do Sul\u201d<\/em>, destacou Verruck.<\/p>\n<p class=\"ds-markdown-paragraph\">Al\u00e9m disso, o \u00e2ncora do\u00a0CNN Prime Time,\u00a0M\u00e1rcio Gomes, compartilhou suas experi\u00eancias com os participantes, refor\u00e7ando a import\u00e2ncia das conex\u00f5es e do trabalho em equipe no jornalismo.<\/p>\n<blockquote>\n<p class=\"ds-markdown-paragraph\"><em>\u201cNo jornalismo, aprendemos que ningu\u00e9m \u00e9 bom sozinho. As conex\u00f5es s\u00e3o fundamentais para reunir diferentes vis\u00f5es e levar informa\u00e7\u00e3o de qualidade a quem nos assiste, l\u00ea ou ouve\u201d<\/em>, afirmou.<\/p>\n<\/blockquote>\n<p class=\"ds-markdown-paragraph\">A diretora-t\u00e9cnica do Sebrae\/MS,\u00a0Sandra Amarilha, pontuou a import\u00e2ncia da imprensa para o fomento aos pequenos neg\u00f3cios.\u00a0<em>\u201c\u00c9 um presente e um reconhecimento aos jornalistas, que s\u00e3o parceiros fundamentais para levar nossa miss\u00e3o ainda mais longe. Nesta edi\u00e7\u00e3o, unimos pela primeira vez o SebraeJor e o Pr\u00eamio Sebrae de Jornalismo, que registrou recorde de 96 inscri\u00e7\u00f5es\u201d<\/em>, comemorou.<\/p>\n<p class=\"ds-markdown-paragraph\">Com mais de 200 participantes, o SebraeJor 2025 solidificou-se como um espa\u00e7o essencial para networking, aprendizado e valoriza\u00e7\u00e3o do jornalismo sul-mato-grossense, mostrando que\u00a0Tr\u00eas Lagoas\u00a0est\u00e1 na vanguarda da produ\u00e7\u00e3o de conte\u00fado de qualidade e inova\u00e7\u00e3o no Estado.<\/p>\n<p class=\"ds-markdown-paragraph\"><strong>Confira os vencedores tr\u00eas-lagoenses no 12\u00ba Pr\u00eamio Sebrae de Jornalismo:<\/strong><\/p>\n<ul>\n<li>\n<p class=\"ds-markdown-paragraph\"><strong>3\u00ba lugar em Jornalismo em \u00c1udio:<\/strong><br \/>\n<em>\u201cCat\u00e1logo da Esperan\u00e7a: o artesanato que transforma realidades em Nova Porto XV\u201d<\/em><br \/>\nAutores: Kelly Martins e Marcos Phelipe (R\u00e1dio Massa FM \u2013 Tr\u00eas Lagoas)<\/p>\n<\/li>\n<li>\n<p class=\"ds-markdown-paragraph\"><strong>1\u00ba lugar em Jornalismo Universit\u00e1rio:<\/strong><br \/>\n<em>\u201cArtes\u00e3o de Tr\u00eas Lagoas transforma cocos descartados em arte sustent\u00e1vel\u201d<\/em><br \/>\nAutores: Any Gabriely Rodrigues Galv\u00e3o, Geovana Garcia Coimbra, Let\u00edcya Guimar\u00e3es de Freitas, Let\u00edcia Maria Farias dos Santos, Thayuri Ferreira Barbosa, Pedro Henrique Alves Euz\u00e9bio Tergolino e V\u00edctor Pereira Falco dos Santos (AEMS \u2013 Tr\u00eas Lagoas)<br \/>\nOrienta\u00e7\u00e3o: Emily Souza Cust\u00f3dio<\/p>\n<\/li>\n<\/ul>\n<p class=\"ds-markdown-paragraph\">O pr\u00eamio refor\u00e7a o papel de\u00a0Tr\u00eas Lagoas\u00a0como um celeiro de talentos no jornalismo e no empreendedorismo, conectando hist\u00f3rias locais a oportunidades que transformam realidades.<\/p>\n","protected":false},"excerpt":{"rendered":"<p>Evento estadual reuniu comunicadores em Campo Grande e destacou o potencial empreendedor de Mato Grosso do Sul, com participa\u00e7\u00e3o especial de talentos tr\u00eas-lagoenses &nbsp; A s\u00e9tima edi\u00e7\u00e3o do SebraeJor, principal encontro de jornalistas e comunicadores de\u00a0Mato Grosso do Sul, realizada na \u00faltima ter\u00e7a-feira (2), foi palco de celebra\u00e7\u00e3o e reconhecimento para\u00a0Tr\u00eas Lagoas. O evento, promovido [&hellip;]<\/p>\n","protected":false},"author":5,"featured_media":37891,"comment_status":"open","ping_status":"open","sticky":false,"template":"","format":"standard","meta":{"om_disable_all_campaigns":false,"_monsterinsights_skip_tracking":false,"_monsterinsights_sitenote_active":false,"_monsterinsights_sitenote_note":"","_monsterinsights_sitenote_category":0,"footnotes":""},"categories":[27,30,32,266,193,48],"tags":[],"aioseo_notices":[],"_links":{"self":[{"href":"https:\/\/expressaoms.com.br\/index.php\/wp-json\/wp\/v2\/posts\/37890"}],"collection":[{"href":"https:\/\/expressaoms.com.br\/index.php\/wp-json\/wp\/v2\/posts"}],"about":[{"href":"https:\/\/expressaoms.com.br\/index.php\/wp-json\/wp\/v2\/types\/post"}],"author":[{"embeddable":true,"href":"https:\/\/expressaoms.com.br\/index.php\/wp-json\/wp\/v2\/users\/5"}],"replies":[{"embeddable":true,"href":"https:\/\/expressaoms.com.br\/index.php\/wp-json\/wp\/v2\/comments?post=37890"}],"version-history":[{"count":1,"href":"https:\/\/expressaoms.com.br\/index.php\/wp-json\/wp\/v2\/posts\/37890\/revisions"}],"predecessor-version":[{"id":37892,"href":"https:\/\/expressaoms.com.br\/index.php\/wp-json\/wp\/v2\/posts\/37890\/revisions\/37892"}],"wp:featuredmedia":[{"embeddable":true,"href":"https:\/\/expressaoms.com.br\/index.php\/wp-json\/wp\/v2\/media\/37891"}],"wp:attachment":[{"href":"https:\/\/expressaoms.com.br\/index.php\/wp-json\/wp\/v2\/media?parent=37890"}],"wp:term":[{"taxonomy":"category","embeddable":true,"href":"https:\/\/expressaoms.com.br\/index.php\/wp-json\/wp\/v2\/categories?post=37890"},{"taxonomy":"post_tag","embeddable":true,"href":"https:\/\/expressaoms.com.br\/index.php\/wp-json\/wp\/v2\/tags?post=37890"}],"curies":[{"name":"wp","href":"https:\/\/api.w.org\/{rel}","templated":true}]}}