{"id":38010,"date":"2025-09-09T08:41:50","date_gmt":"2025-09-09T12:41:50","guid":{"rendered":"https:\/\/expressaoms.com.br\/?p=38010"},"modified":"2025-09-09T08:42:58","modified_gmt":"2025-09-09T12:42:58","slug":"operacao-conjunta-prende-golpista-em-tres-lagoas-por-crime-de-r-10-mil-em-sp","status":"publish","type":"post","link":"https:\/\/expressaoms.com.br\/index.php\/2025\/09\/09\/operacao-conjunta-prende-golpista-em-tres-lagoas-por-crime-de-r-10-mil-em-sp\/","title":{"rendered":"Opera\u00e7\u00e3o conjunta prende golpista em Tr\u00eas Lagoas por crime de R$ 10 mil em SP"},"content":{"rendered":"<p>Um homem de 25 anos foi preso nesta segunda-feira (8) em Tr\u00eas Lagoas, acusado de aplicar um golpe de R$ 10 mil contra um morador de Fernand\u00f3polis, no interior de S\u00e3o Paulo. A a\u00e7\u00e3o foi realizada pela Se\u00e7\u00e3o de Investiga\u00e7\u00f5es Gerais (SIG) da Pol\u00edcia Civil de Tr\u00eas Lagoas, em conjunto com a Delegacia de Investiga\u00e7\u00f5es Gerais (DIG) de Fernand\u00f3polis.<\/p>\n<p>De acordo com as investiga\u00e7\u00f5es, o crime ocorreu em mar\u00e7o deste ano. O suspeito teria se apropriado de bens da v\u00edtima e vendido os objetos a um terceiro na cidade de Suzan\u00e1polis, tamb\u00e9m no interior paulista. Na ocasi\u00e3o do primeiro crime, ele chegou a ser identificado e preso, mas foi colocado em liberdade provis\u00f3ria para responder ao processo em liberdade. A pris\u00e3o foi determinada pela Justi\u00e7a ap\u00f3s novas investiga\u00e7\u00f5es que comprovaram a autoria do estelionato.<\/p>\n<p>O mandado de pris\u00e3o foi cumprido sem resist\u00eancia, e o acusado foi conduzido \u00e0 carceragem da Pol\u00edcia Civil de Tr\u00eas Lagoas, onde ficar\u00e1 \u00e0 disposi\u00e7\u00e3o da Justi\u00e7a. O caso segue sob investiga\u00e7\u00e3o para apurar poss\u00edveis outros crimes cometidos pelo mesmo suspeito. A pol\u00edcia orienta que v\u00edtimas de golpes semelhantes procurem a delegacia mais pr\u00f3xima para registrar ocorr\u00eancia.<\/p>\n","protected":false},"excerpt":{"rendered":"<p>Um homem de 25 anos foi preso nesta segunda-feira (8) em Tr\u00eas Lagoas, acusado de aplicar um golpe de R$ 10 mil contra um morador de Fernand\u00f3polis, no interior de S\u00e3o Paulo. A a\u00e7\u00e3o foi realizada pela Se\u00e7\u00e3o de Investiga\u00e7\u00f5es Gerais (SIG) da Pol\u00edcia Civil de Tr\u00eas Lagoas, em conjunto com a Delegacia de Investiga\u00e7\u00f5es [&hellip;]<\/p>\n","protected":false},"author":5,"featured_media":38011,"comment_status":"open","ping_status":"open","sticky":false,"template":"","format":"standard","meta":{"om_disable_all_campaigns":false,"_monsterinsights_skip_tracking":false,"_monsterinsights_sitenote_active":false,"_monsterinsights_sitenote_note":"","_monsterinsights_sitenote_category":0,"footnotes":""},"categories":[30,266,41,193,48],"tags":[113,416],"aioseo_notices":[],"_links":{"self":[{"href":"https:\/\/expressaoms.com.br\/index.php\/wp-json\/wp\/v2\/posts\/38010"}],"collection":[{"href":"https:\/\/expressaoms.com.br\/index.php\/wp-json\/wp\/v2\/posts"}],"about":[{"href":"https:\/\/expressaoms.com.br\/index.php\/wp-json\/wp\/v2\/types\/post"}],"author":[{"embeddable":true,"href":"https:\/\/expressaoms.com.br\/index.php\/wp-json\/wp\/v2\/users\/5"}],"replies":[{"embeddable":true,"href":"https:\/\/expressaoms.com.br\/index.php\/wp-json\/wp\/v2\/comments?post=38010"}],"version-history":[{"count":1,"href":"https:\/\/expressaoms.com.br\/index.php\/wp-json\/wp\/v2\/posts\/38010\/revisions"}],"predecessor-version":[{"id":38012,"href":"https:\/\/expressaoms.com.br\/index.php\/wp-json\/wp\/v2\/posts\/38010\/revisions\/38012"}],"wp:featuredmedia":[{"embeddable":true,"href":"https:\/\/expressaoms.com.br\/index.php\/wp-json\/wp\/v2\/media\/38011"}],"wp:attachment":[{"href":"https:\/\/expressaoms.com.br\/index.php\/wp-json\/wp\/v2\/media?parent=38010"}],"wp:term":[{"taxonomy":"category","embeddable":true,"href":"https:\/\/expressaoms.com.br\/index.php\/wp-json\/wp\/v2\/categories?post=38010"},{"taxonomy":"post_tag","embeddable":true,"href":"https:\/\/expressaoms.com.br\/index.php\/wp-json\/wp\/v2\/tags?post=38010"}],"curies":[{"name":"wp","href":"https:\/\/api.w.org\/{rel}","templated":true}]}}