{"id":38038,"date":"2025-09-09T15:22:23","date_gmt":"2025-09-09T19:22:23","guid":{"rendered":"https:\/\/expressaoms.com.br\/?p=38038"},"modified":"2025-09-09T15:22:23","modified_gmt":"2025-09-09T19:22:23","slug":"tragedia-em-obra-jovem-de-22-anos-morre-soterrado-apos-desabamento-de-vala-em-selviria","status":"publish","type":"post","link":"https:\/\/expressaoms.com.br\/index.php\/2025\/09\/09\/tragedia-em-obra-jovem-de-22-anos-morre-soterrado-apos-desabamento-de-vala-em-selviria\/","title":{"rendered":"Trag\u00e9dia em Obra: Jovem de 22 anos morre soterrado ap\u00f3s desabamento de vala em Selv\u00edria"},"content":{"rendered":"<p class=\"ds-markdown-paragraph\">Um acidente de trabalho grave tirou a vida de um jovem na tarde desta ter\u00e7a-feira (9), em Selv\u00edria. Jeferson Mois\u00e9s de Souza Silva, de 22 anos, morreu ap\u00f3s ser soterrado pelo desabamento de uma vala em uma obra de escava\u00e7\u00e3o. O resgate do corpo mobilizou equipes de emerg\u00eancia em uma opera\u00e7\u00e3o complexa que se estendeu por v\u00e1rias horas.<\/p>\n<p class=\"ds-markdown-paragraph\">De acordo com as informa\u00e7\u00f5es iniciais, o jovem trabalhava no local quando as paredes da vala onde estava desabaram, soterrando-o completamente. O Corpo de Bombeiros foi acionado e, ao chegar ao local, deparou-se com uma cena de alto risco, j\u00e1 que o solo ainda apresentava instabilidade, exigindo extremo cuidado e t\u00e9cnicas especiais para o resgate.<\/p>\n<p class=\"ds-markdown-paragraph\">A opera\u00e7\u00e3o de salvamento contou com o apoio integrado da Pol\u00edcia Civil, Pol\u00edcia Militar e Pol\u00edcia Cient\u00edfica. Ap\u00f3s horas de trabalho minucioso e sob condi\u00e7\u00f5es perigosas, o corpo de Jeferson foi finalmente localizado e recuperado pelos bombeiros.<\/p>\n<p class=\"ds-markdown-paragraph\">O corpo foi removido pela funer\u00e1ria Cardassi e encaminhado para o Instituto M\u00e9dico e Odontol\u00f3gico Legal (IMOL) de Tr\u00eas Lagoas, onde ser\u00e1 submetido a exame necrosc\u00f3pico para determinar as causas exactas da morte. A Pol\u00edcia Civil deve abrir inqu\u00e9rito para investigar as circunst\u00e2ncias do acidente e apurar poss\u00edveis responsabilidades.<\/p>\n","protected":false},"excerpt":{"rendered":"<p>Um acidente de trabalho grave tirou a vida de um jovem na tarde desta ter\u00e7a-feira (9), em Selv\u00edria. Jeferson Mois\u00e9s de Souza Silva, de 22 anos, morreu ap\u00f3s ser soterrado pelo desabamento de uma vala em uma obra de escava\u00e7\u00e3o. O resgate do corpo mobilizou equipes de emerg\u00eancia em uma opera\u00e7\u00e3o complexa que se estendeu [&hellip;]<\/p>\n","protected":false},"author":5,"featured_media":38039,"comment_status":"open","ping_status":"open","sticky":false,"template":"","format":"standard","meta":{"om_disable_all_campaigns":false,"_monsterinsights_skip_tracking":false,"_monsterinsights_sitenote_active":false,"_monsterinsights_sitenote_note":"","_monsterinsights_sitenote_category":0,"footnotes":""},"categories":[30,36,266,193,45,48],"tags":[],"aioseo_notices":[],"_links":{"self":[{"href":"https:\/\/expressaoms.com.br\/index.php\/wp-json\/wp\/v2\/posts\/38038"}],"collection":[{"href":"https:\/\/expressaoms.com.br\/index.php\/wp-json\/wp\/v2\/posts"}],"about":[{"href":"https:\/\/expressaoms.com.br\/index.php\/wp-json\/wp\/v2\/types\/post"}],"author":[{"embeddable":true,"href":"https:\/\/expressaoms.com.br\/index.php\/wp-json\/wp\/v2\/users\/5"}],"replies":[{"embeddable":true,"href":"https:\/\/expressaoms.com.br\/index.php\/wp-json\/wp\/v2\/comments?post=38038"}],"version-history":[{"count":1,"href":"https:\/\/expressaoms.com.br\/index.php\/wp-json\/wp\/v2\/posts\/38038\/revisions"}],"predecessor-version":[{"id":38040,"href":"https:\/\/expressaoms.com.br\/index.php\/wp-json\/wp\/v2\/posts\/38038\/revisions\/38040"}],"wp:featuredmedia":[{"embeddable":true,"href":"https:\/\/expressaoms.com.br\/index.php\/wp-json\/wp\/v2\/media\/38039"}],"wp:attachment":[{"href":"https:\/\/expressaoms.com.br\/index.php\/wp-json\/wp\/v2\/media?parent=38038"}],"wp:term":[{"taxonomy":"category","embeddable":true,"href":"https:\/\/expressaoms.com.br\/index.php\/wp-json\/wp\/v2\/categories?post=38038"},{"taxonomy":"post_tag","embeddable":true,"href":"https:\/\/expressaoms.com.br\/index.php\/wp-json\/wp\/v2\/tags?post=38038"}],"curies":[{"name":"wp","href":"https:\/\/api.w.org\/{rel}","templated":true}]}}