{"id":3808,"date":"2022-01-21T16:34:27","date_gmt":"2022-01-21T19:34:27","guid":{"rendered":"https:\/\/expressaoms.com.br\/?p=3808"},"modified":"2022-01-21T16:34:27","modified_gmt":"2022-01-21T19:34:27","slug":"prefeitura-de-bataguassu-realiza-audiencia-publica-para-demonstracao-e-avaliacao-de-cumprimento-de-metas-fiscais","status":"publish","type":"post","link":"https:\/\/expressaoms.com.br\/index.php\/2022\/01\/21\/prefeitura-de-bataguassu-realiza-audiencia-publica-para-demonstracao-e-avaliacao-de-cumprimento-de-metas-fiscais\/","title":{"rendered":"Prefeitura de Bataguassu realiza audi\u00eancia p\u00fablica para demonstra\u00e7\u00e3o e avalia\u00e7\u00e3o de cumprimento de metas fiscais"},"content":{"rendered":"<p>A Prefeitura de Bataguassu realiza na pr\u00f3xima segunda-feira, dia 24 de janeiro, \u00e0s 15 horas (hor\u00e1rio de Bras\u00edlia), na C\u00e2mara de Vereadores (rua Recanto, 82, Jardim Santa Luzia), uma audi\u00eancia p\u00fablica para demonstra\u00e7\u00e3o e avalia\u00e7\u00e3o da execu\u00e7\u00e3o or\u00e7ament\u00e1ria e do cumprimento das metas fiscais do segundo semestre de 2021. Na oportunidade ser\u00e1 apresentado ainda o relat\u00f3rio de gest\u00e3o fiscal do segundo semestre de 2021.<\/p>\n<p>De acordo com edital de chamamento publicado na edi\u00e7\u00e3o do Di\u00e1rio Oficial desta sexta-feira, dia 21 de janeiro, o demonstrativo \u00e9 realizado em cumprimento ao artigo 9\u00ba, par\u00e1grafo 4\u00ba, da Lei Complementar n\u00famero 101\/2000, de 4 de maio de 2000 (Lei de Responsabilidade Fiscal).<\/p>\n<p>A meta fiscal \u00e9 uma estimativa feita pelo governo da diferen\u00e7a entre a sua expectativa de receitas e de gastos em um ano. \u201cO objetivo \u00e9 levar ao conhecimento da popula\u00e7\u00e3o a avalia\u00e7\u00e3o do cumprimento das metas fiscais em que s\u00e3o apresentados os relat\u00f3rios a receita geral da Prefeitura oriunda de arrecada\u00e7\u00e3o de impostos e de aplica\u00e7\u00f5es dos governos estadual e federal bem como a aplica\u00e7\u00e3o dos valores\u201d, explicou o prefeito de Bataguassu, Akira Otsubo (MDB).<\/p>\n<p>De acordo com Akira, \u201ca participa\u00e7\u00e3o da popula\u00e7\u00e3o \u00e9 importante para acompanhar o andamento das a\u00e7\u00f5es da gest\u00e3o municipal\u201d, completou.<\/p>\n<p>A audi\u00eancia p\u00fablica ser\u00e1 aberta ao p\u00fablico, mas em raz\u00e3o da pandemia da Covid-19, para adentrar ao plen\u00e1rio da C\u00e2mara de Vereadores \u00e9 necess\u00e1rio fazer uso da m\u00e1scara facial.<\/p>\n","protected":false},"excerpt":{"rendered":"<p>A Prefeitura de Bataguassu realiza na pr\u00f3xima segunda-feira, dia 24 de janeiro, \u00e0s 15 horas (hor\u00e1rio de Bras\u00edlia), na C\u00e2mara de Vereadores (rua Recanto, 82, Jardim Santa Luzia), uma audi\u00eancia p\u00fablica para demonstra\u00e7\u00e3o e avalia\u00e7\u00e3o da execu\u00e7\u00e3o or\u00e7ament\u00e1ria e do cumprimento das metas fiscais do segundo semestre de 2021. Na oportunidade ser\u00e1 apresentado ainda o [&hellip;]<\/p>\n","protected":false},"author":2,"featured_media":0,"comment_status":"open","ping_status":"open","sticky":false,"template":"","format":"standard","meta":{"om_disable_all_campaigns":false,"_monsterinsights_skip_tracking":false,"_monsterinsights_sitenote_active":false,"_monsterinsights_sitenote_note":"","_monsterinsights_sitenote_category":0,"footnotes":""},"categories":[191,193],"tags":[],"aioseo_notices":[],"_links":{"self":[{"href":"https:\/\/expressaoms.com.br\/index.php\/wp-json\/wp\/v2\/posts\/3808"}],"collection":[{"href":"https:\/\/expressaoms.com.br\/index.php\/wp-json\/wp\/v2\/posts"}],"about":[{"href":"https:\/\/expressaoms.com.br\/index.php\/wp-json\/wp\/v2\/types\/post"}],"author":[{"embeddable":true,"href":"https:\/\/expressaoms.com.br\/index.php\/wp-json\/wp\/v2\/users\/2"}],"replies":[{"embeddable":true,"href":"https:\/\/expressaoms.com.br\/index.php\/wp-json\/wp\/v2\/comments?post=3808"}],"version-history":[{"count":1,"href":"https:\/\/expressaoms.com.br\/index.php\/wp-json\/wp\/v2\/posts\/3808\/revisions"}],"predecessor-version":[{"id":3810,"href":"https:\/\/expressaoms.com.br\/index.php\/wp-json\/wp\/v2\/posts\/3808\/revisions\/3810"}],"wp:attachment":[{"href":"https:\/\/expressaoms.com.br\/index.php\/wp-json\/wp\/v2\/media?parent=3808"}],"wp:term":[{"taxonomy":"category","embeddable":true,"href":"https:\/\/expressaoms.com.br\/index.php\/wp-json\/wp\/v2\/categories?post=3808"},{"taxonomy":"post_tag","embeddable":true,"href":"https:\/\/expressaoms.com.br\/index.php\/wp-json\/wp\/v2\/tags?post=3808"}],"curies":[{"name":"wp","href":"https:\/\/api.w.org\/{rel}","templated":true}]}}