{"id":38222,"date":"2025-09-13T10:52:43","date_gmt":"2025-09-13T14:52:43","guid":{"rendered":"https:\/\/expressaoms.com.br\/?p=38222"},"modified":"2025-09-15T10:54:14","modified_gmt":"2025-09-15T14:54:14","slug":"em-paranaiba-paulo-correa-destaca-que-ms-e-potencia-em-energia-limpa-e-desenvolvimento-sustentavel","status":"publish","type":"post","link":"https:\/\/expressaoms.com.br\/index.php\/2025\/09\/13\/em-paranaiba-paulo-correa-destaca-que-ms-e-potencia-em-energia-limpa-e-desenvolvimento-sustentavel\/","title":{"rendered":"Em Parana\u00edba, Paulo Corr\u00eaa destaca que MS \u00e9 pot\u00eancia em energia limpa e desenvolvimento sustent\u00e1vel"},"content":{"rendered":"<p>Ao lado do governador Eduardo Riedel e de lideran\u00e7as locais, o deputado estadual Paulo Corr\u00eaa (PSDB), 1\u00ba secret\u00e1rio da Assembleia Legislativa, participou nesta sexta-feira (12) da inaugura\u00e7\u00e3o da Usina Cedro, em Parana\u00edba. A unidade marca a entrada do grupo Pedra Agroindustrial em Mato Grosso do Sul e consolida o Estado como uma pot\u00eancia nacional em energia limpa e renov\u00e1vel.<\/p>\n<p>Com capacidade para processar 614.229 toneladas de cana-de-a\u00e7\u00facar, a usina deve produzir 53.284 m\u00b3 de etanol hidratado e cogerar 38.602 MWh j\u00e1 na safra 2025\/26. Os investimentos em modernas tecnologias agr\u00edcolas, em uma planta industrial de ponta e em capacita\u00e7\u00e3o profissional refor\u00e7am o compromisso com a efici\u00eancia e a sustentabilidade.<\/p>\n<p>Durante a cerim\u00f4nia, Paulo Corr\u00eaa ressaltou o papel estrat\u00e9gico da nova usina para o desenvolvimento de Mato Grosso do Sul, ao mesmo tempo em que destacou a pol\u00edtica municipalista do governador Eduardo Riedel.<\/p>\n<p>\u201cEste \u00e9 um governo que trabalha junto com os munic\u00edpios, ouvindo as demandas locais e transformando voca\u00e7\u00f5es em oportunidades reais. A Usina Cedro \u00e9 exemplo disso: gera empregos, movimenta a economia regional e fortalece o projeto de um Estado mais sustent\u00e1vel e competitivo\u201d, afirmou.<\/p>\n<div class=\"wp-block-image\">\n<figure class=\"alignleft size-full is-resized\"><img fetchpriority=\"high\" decoding=\"async\" class=\"wp-image-13804\" src=\"https:\/\/deppaulocorrea.com.br\/wp-content\/uploads\/2025\/09\/WhatsApp-Image-2025-09-12-at-16.19.33.jpeg\" sizes=\"(max-width: 730px) 100vw, 730px\" srcset=\"https:\/\/deppaulocorrea.com.br\/wp-content\/uploads\/2025\/09\/WhatsApp-Image-2025-09-12-at-16.19.33.jpeg 730w, https:\/\/deppaulocorrea.com.br\/wp-content\/uploads\/2025\/09\/WhatsApp-Image-2025-09-12-at-16.19.33-300x197.jpeg 300w\" alt=\"\" width=\"730\" height=\"480\" \/><figcaption class=\"wp-element-caption\"><em>(Foto: \u00c1lvaro Rezende\/Governo de MS)<\/em><\/figcaption><\/figure>\n<\/div>\n<p>A implanta\u00e7\u00e3o da unidade mobilizou mais de 1.200 trabalhadores na fase de constru\u00e7\u00e3o e hoje garante cerca de 700 empregos diretos, tornando-se um motor de oportunidades para Parana\u00edba e toda a regi\u00e3o.<\/p>\n<p>Mato Grosso do Sul deve moer 50,5 milh\u00f5es de toneladas de cana na safra 2025\/26, um crescimento de 3,5% em rela\u00e7\u00e3o ao ciclo anterior, impulsionando a produ\u00e7\u00e3o de etanol e a\u00e7\u00facar no Estado. Esse avan\u00e7o est\u00e1 alinhado \u00e0 meta estadual de se tornar carbono neutro at\u00e9 2030, duas d\u00e9cadas antes do previsto pelo Acordo de Paris.<\/p>\n<p>Autor da Lei Estadual 4.555\/2014, que instituiu o Plano Estadual de Mudan\u00e7as Clim\u00e1ticas, Paulo Corr\u00eaa destacou que a transi\u00e7\u00e3o energ\u00e9tica \u00e9 um dos pilares do futuro sustent\u00e1vel de Mato Grosso do Sul.<\/p>\n<p>\u201cEstamos mostrando ao Brasil que \u00e9 poss\u00edvel crescer, gerar emprego e renda sem abrir m\u00e3o da preserva\u00e7\u00e3o ambiental. Essa \u00e9 a marca de Mato Grosso do Sul: desenvolvimento econ\u00f4mico aliado \u00e0 sustentabilidade\u201d, refor\u00e7ou o parlamentar.<\/p>\n","protected":false},"excerpt":{"rendered":"<p>Ao lado do governador Eduardo Riedel e de lideran\u00e7as locais, o deputado estadual Paulo Corr\u00eaa (PSDB), 1\u00ba secret\u00e1rio da Assembleia Legislativa, participou nesta sexta-feira (12) da inaugura\u00e7\u00e3o da Usina Cedro, em Parana\u00edba. A unidade marca a entrada do grupo Pedra Agroindustrial em Mato Grosso do Sul e consolida o Estado como uma pot\u00eancia nacional em [&hellip;]<\/p>\n","protected":false},"author":3,"featured_media":38223,"comment_status":"open","ping_status":"open","sticky":false,"template":"","format":"standard","meta":{"om_disable_all_campaigns":false,"_monsterinsights_skip_tracking":false,"_monsterinsights_sitenote_active":false,"_monsterinsights_sitenote_note":"","_monsterinsights_sitenote_category":0,"footnotes":""},"categories":[236,193],"tags":[],"aioseo_notices":[],"_links":{"self":[{"href":"https:\/\/expressaoms.com.br\/index.php\/wp-json\/wp\/v2\/posts\/38222"}],"collection":[{"href":"https:\/\/expressaoms.com.br\/index.php\/wp-json\/wp\/v2\/posts"}],"about":[{"href":"https:\/\/expressaoms.com.br\/index.php\/wp-json\/wp\/v2\/types\/post"}],"author":[{"embeddable":true,"href":"https:\/\/expressaoms.com.br\/index.php\/wp-json\/wp\/v2\/users\/3"}],"replies":[{"embeddable":true,"href":"https:\/\/expressaoms.com.br\/index.php\/wp-json\/wp\/v2\/comments?post=38222"}],"version-history":[{"count":1,"href":"https:\/\/expressaoms.com.br\/index.php\/wp-json\/wp\/v2\/posts\/38222\/revisions"}],"predecessor-version":[{"id":38224,"href":"https:\/\/expressaoms.com.br\/index.php\/wp-json\/wp\/v2\/posts\/38222\/revisions\/38224"}],"wp:featuredmedia":[{"embeddable":true,"href":"https:\/\/expressaoms.com.br\/index.php\/wp-json\/wp\/v2\/media\/38223"}],"wp:attachment":[{"href":"https:\/\/expressaoms.com.br\/index.php\/wp-json\/wp\/v2\/media?parent=38222"}],"wp:term":[{"taxonomy":"category","embeddable":true,"href":"https:\/\/expressaoms.com.br\/index.php\/wp-json\/wp\/v2\/categories?post=38222"},{"taxonomy":"post_tag","embeddable":true,"href":"https:\/\/expressaoms.com.br\/index.php\/wp-json\/wp\/v2\/tags?post=38222"}],"curies":[{"name":"wp","href":"https:\/\/api.w.org\/{rel}","templated":true}]}}