{"id":3888,"date":"2022-01-24T14:50:48","date_gmt":"2022-01-24T17:50:48","guid":{"rendered":"https:\/\/expressaoms.com.br\/?p=3888"},"modified":"2022-01-24T14:50:48","modified_gmt":"2022-01-24T17:50:48","slug":"brasilandia-participa-de-evento-comemorativo-aos-50-anos-do-sebrae","status":"publish","type":"post","link":"https:\/\/expressaoms.com.br\/index.php\/2022\/01\/24\/brasilandia-participa-de-evento-comemorativo-aos-50-anos-do-sebrae\/","title":{"rendered":"Brasil\u00e2ndia participa de evento comemorativo aos 50 anos do Sebrae"},"content":{"rendered":"<p>O Munic\u00edpio de Brasil\u00e2ndia est\u00e1 representado no evento realizado pelo Sebrae, nesta segunda-feira (24), em Campo Grande com o tema \u201cSEBRAE 50 + 50: Criar o Futuro \u00e9 Fazer Hist\u00f3ria\u201d. Est\u00e3o presentes o prefeito Dr. Antonio Thiago, o secret\u00e1rio municipal de Desenvolvimento Econ\u00f4mico Jorge Madeira e a Agente Municipal de Desenvolvimento Econ\u00f4mico, Dayane Amorim.<\/p>\n<p>O Sistema Sebrae completa neste ano cinco d\u00e9cadas que s\u00e3o dedicados na promo\u00e7\u00e3o dos pequenos neg\u00f3cios.<\/p>\n<p>Al\u00e9m disso, o evento contou com a presen\u00e7a virtual da Ministra da Agricultura, Tereza Cristina, onde falou sobre a import\u00e2ncia do desenvolvimento econ\u00f4mico ser fundamental para o crescimento do pa\u00eds.<\/p>\n<p>A a\u00e7\u00e3o faz parte de uma reuni\u00e3o entre a Federa\u00e7\u00e3o das Associa\u00e7\u00f5es Empresariais do Mato Grosso do Sul (FAEMS) e Associa\u00e7\u00f5es Comerciais, para debater estrat\u00e9gias de fortalecimento do associativismo empresarial.<\/p>\n<p>O evento conta com uma mostra interativa dos principais projetos para 2022 e informa\u00e7\u00f5es sobre como funciona a atua\u00e7\u00e3o da institui\u00e7\u00e3o, com os espa\u00e7os: Atendimento ao Cliente; Programa Cidade Empreendedora; Pr\u00f3-Pantanal \u2013 Programa de Apoio \u00e0 Recupera\u00e7\u00e3o Econ\u00f4mica do Bioma Pantanal e Polo de Ecoturismo; Propeq Dinamiza \u2013 Programa Estadual dos Pequenos Neg\u00f3cios; e Inova\u00e7\u00e3o, com exposi\u00e7\u00e3o de m\u00e1quinas do Lab Maker, laborat\u00f3rio de prototipagem do Living Lab.<\/p>\n<p>Al\u00e9m da mostra para a sociedade, o evento tem salas tem\u00e1ticas voltadas \u00e0 Rede de Atendimento e Relacionamento do Sebrae\/MS e parceiros, visando a sua integra\u00e7\u00e3o e capacita\u00e7\u00e3o.<\/p>\n<p>J\u00e1 \u00e0 tarde, a programa\u00e7\u00e3o segue com a realiza\u00e7\u00e3o de duas palestras, sendo a primeira com o presidente do Conselho Deliberativo Estadual do Sebrae\/MS e titular da Secretaria de Meio Ambiente, Desenvolvimento Econ\u00f4mico, Produ\u00e7\u00e3o e Agricultura Familiar, Jaime Verruck; e a segunda, sobre relacionamento e vendas com a consultora L\u00facia Haracemiv, da empresa DNA de Vendas.<\/p>\n","protected":false},"excerpt":{"rendered":"<p>O Munic\u00edpio de Brasil\u00e2ndia est\u00e1 representado no evento realizado pelo Sebrae, nesta segunda-feira (24), em Campo Grande com o tema \u201cSEBRAE 50 + 50: Criar o Futuro \u00e9 Fazer Hist\u00f3ria\u201d. Est\u00e3o presentes o prefeito Dr. Antonio Thiago, o secret\u00e1rio municipal de Desenvolvimento Econ\u00f4mico Jorge Madeira e a Agente Municipal de Desenvolvimento Econ\u00f4mico, Dayane Amorim. O [&hellip;]<\/p>\n","protected":false},"author":2,"featured_media":0,"comment_status":"open","ping_status":"open","sticky":false,"template":"","format":"standard","meta":{"om_disable_all_campaigns":false,"_monsterinsights_skip_tracking":false,"_monsterinsights_sitenote_active":false,"_monsterinsights_sitenote_note":"","_monsterinsights_sitenote_category":0,"footnotes":""},"categories":[26,193],"tags":[],"aioseo_notices":[],"_links":{"self":[{"href":"https:\/\/expressaoms.com.br\/index.php\/wp-json\/wp\/v2\/posts\/3888"}],"collection":[{"href":"https:\/\/expressaoms.com.br\/index.php\/wp-json\/wp\/v2\/posts"}],"about":[{"href":"https:\/\/expressaoms.com.br\/index.php\/wp-json\/wp\/v2\/types\/post"}],"author":[{"embeddable":true,"href":"https:\/\/expressaoms.com.br\/index.php\/wp-json\/wp\/v2\/users\/2"}],"replies":[{"embeddable":true,"href":"https:\/\/expressaoms.com.br\/index.php\/wp-json\/wp\/v2\/comments?post=3888"}],"version-history":[{"count":1,"href":"https:\/\/expressaoms.com.br\/index.php\/wp-json\/wp\/v2\/posts\/3888\/revisions"}],"predecessor-version":[{"id":3890,"href":"https:\/\/expressaoms.com.br\/index.php\/wp-json\/wp\/v2\/posts\/3888\/revisions\/3890"}],"wp:attachment":[{"href":"https:\/\/expressaoms.com.br\/index.php\/wp-json\/wp\/v2\/media?parent=3888"}],"wp:term":[{"taxonomy":"category","embeddable":true,"href":"https:\/\/expressaoms.com.br\/index.php\/wp-json\/wp\/v2\/categories?post=3888"},{"taxonomy":"post_tag","embeddable":true,"href":"https:\/\/expressaoms.com.br\/index.php\/wp-json\/wp\/v2\/tags?post=3888"}],"curies":[{"name":"wp","href":"https:\/\/api.w.org\/{rel}","templated":true}]}}