{"id":39365,"date":"2025-10-17T07:53:13","date_gmt":"2025-10-17T11:53:13","guid":{"rendered":"https:\/\/expressaoms.com.br\/?p=39365"},"modified":"2025-10-17T07:53:13","modified_gmt":"2025-10-17T11:53:13","slug":"tres-lagoas-registra-controle-da-covid-19-e-queda-expressiva-de-casos-de-dengue-e-sindromes-respiratorias","status":"publish","type":"post","link":"https:\/\/expressaoms.com.br\/index.php\/2025\/10\/17\/tres-lagoas-registra-controle-da-covid-19-e-queda-expressiva-de-casos-de-dengue-e-sindromes-respiratorias\/","title":{"rendered":"Tr\u00eas Lagoas registra controle da COVID-19 e queda expressiva de casos de dengue e s\u00edndromes respirat\u00f3rias"},"content":{"rendered":"<div class=\"dad65929\">\n<div class=\"_4f9bf79 d7dc56a8 _43c05b5\">\n<div class=\"ds-message _63c77b1\">\n<div class=\"ds-markdown\">\n<p class=\"ds-markdown-paragraph\">\u00a0A Prefeitura Municipal de Tr\u00eas Lagoas, por meio da Secretaria Municipal de Sa\u00fade (SMS), divulgou um balan\u00e7o epidemiol\u00f3gico que aponta cen\u00e1rio positivo para os principais agravos de sa\u00fade que afetam o munic\u00edpio. Os dados mostram controle da pandemia de COVID-19, redu\u00e7\u00e3o nos casos graves de s\u00edndrome respirat\u00f3ria e queda acentuada nos registros de dengue.<\/p>\n<p class=\"ds-markdown-paragraph\"><strong>S\u00edndrome Respirat\u00f3ria Aguda Grave (SRAG)<\/strong><\/p>\n<p class=\"ds-markdown-paragraph\">De acordo com o boletim da SRAG, o munic\u00edpio registra 407 hospitaliza\u00e7\u00f5es, sendo que 364 pacientes j\u00e1 receberam alta. Atualmente, 16 casos permanecem em an\u00e1lise e 27 \u00f3bitos foram confirmados desde o in\u00edcio do monitoramento.<\/p>\n<p class=\"ds-markdown-paragraph\">O pico de ocorr\u00eancias foi registrado na semana epidemiol\u00f3gica 21, com 29 casos. A partir da semana 28, observa-se tend\u00eancia de queda cont\u00ednua nas hospitaliza\u00e7\u00f5es.<\/p>\n<p class=\"ds-markdown-paragraph\">A an\u00e1lise por faixa et\u00e1ria revela que as crian\u00e7as s\u00e3o as mais afetadas:<\/p>\n<ul>\n<li>\n<p class=\"ds-markdown-paragraph\">5 a 9 anos: 91 casos<\/p>\n<\/li>\n<li>\n<p class=\"ds-markdown-paragraph\">2 a 4 anos: 65 casos<\/p>\n<\/li>\n<li>\n<p class=\"ds-markdown-paragraph\">At\u00e9 1 ano: 64 casos<\/p>\n<\/li>\n<\/ul>\n<p class=\"ds-markdown-paragraph\">Idosos entre 70 e 79 anos tamb\u00e9m apresentam incid\u00eancia significativa, confirmando a maior vulnerabilidade desses grupos populacionais.<\/p>\n<p class=\"ds-markdown-paragraph\"><strong>COVID-19 sob controle<\/strong><\/p>\n<p class=\"ds-markdown-paragraph\">A situa\u00e7\u00e3o da COVID-19 no munic\u00edpio \u00e9 considerada est\u00e1vel e controlada. Do total de 1.144 casos notificados com resultado definido, apenas 134 foram positivos (11,71%), enquanto 1.010 foram descartados (88,29%).<\/p>\n<p class=\"ds-markdown-paragraph\">Dados mais recentes mostram que nenhum novo caso foi registrado nas \u00faltimas semanas e n\u00e3o h\u00e1 pessoas com v\u00edrus ativo no momento. Al\u00e9m disso, a cidade n\u00e3o registrou nenhum \u00f3bito por COVID-19 em 2025, o que refor\u00e7a a efic\u00e1cia das medidas de preven\u00e7\u00e3o e vacina\u00e7\u00e3o.<\/p>\n<p class=\"ds-markdown-paragraph\"><strong>Queda acentuada da Dengue<\/strong><\/p>\n<p class=\"ds-markdown-paragraph\">O boletim de arboviroses aponta 435 casos confirmados de dengue em 2025, de um total de 1.637 notifica\u00e7\u00f5es. A transmiss\u00e3o concentrou-se principalmente entre as semanas 5 e 14, com pico m\u00e1ximo na semana 11, quando foram registradas 100 notifica\u00e7\u00f5es.<\/p>\n<p class=\"ds-markdown-paragraph\">A partir da semana 22, os n\u00fameros apresentam queda acentuada, com apenas 45 notifica\u00e7\u00f5es nos \u00faltimos 30 dias &#8211; patamar considerado baixo em rela\u00e7\u00e3o ao per\u00edodo cr\u00edtico. O munic\u00edpio contabiliza um \u00f3bito por dengue neste ano.<\/p>\n<p class=\"ds-markdown-paragraph\">Em rela\u00e7\u00e3o a outras doen\u00e7as transmitidas pelo Aedes aegypti, foram confirmados 79 casos de chikungunya e nenhum caso de zika v\u00edrus.<\/p>\n<p class=\"ds-markdown-paragraph\"><strong>Manuten\u00e7\u00e3o das a\u00e7\u00f5es preventivas<\/strong><\/p>\n<p class=\"ds-markdown-paragraph\">Apesar do cen\u00e1rio epidemiol\u00f3gico favor\u00e1vel, a Secretaria Municipal de Sa\u00fade refor\u00e7a a import\u00e2ncia da manuten\u00e7\u00e3o das a\u00e7\u00f5es preventivas, especialmente no combate ao mosquito transmissor da dengue, e da vigil\u00e2ncia em rela\u00e7\u00e3o aos sintomas respirat\u00f3rios, principalmente entre crian\u00e7as e idosos.<\/p>\n<p class=\"ds-markdown-paragraph\">A Prefeitura continuar\u00e1 divulgando boletins atualizados e orienta a popula\u00e7\u00e3o a procurar a unidade de sa\u00fade mais pr\u00f3xima ao surgimento de sintomas suspeitos, contribuindo para a manuten\u00e7\u00e3o dos indicadores positivos de sa\u00fade no munic\u00edpio.<\/p>\n<\/div>\n<\/div>\n<div class=\"ds-theme\"><\/div>\n<div class=\"ds-flex _0a3d93b\">\n<div class=\"ds-flex _965abe9 _54866f7\">\n<div class=\"ds-icon-button db183363\" tabindex=\"-1\" role=\"button\" aria-disabled=\"false\">\n<div class=\"ds-icon-button__hover-bg\"><\/div>\n<div class=\"ds-icon\"><\/div>\n<\/div>\n<div class=\"ds-icon-button db183363\" tabindex=\"-1\" role=\"button\" aria-disabled=\"false\">\n<div class=\"ds-icon-button__hover-bg\"><\/div>\n<div class=\"ds-icon\"><\/div>\n<\/div>\n<div class=\"ds-icon-button db183363\" tabindex=\"-1\" role=\"button\" aria-disabled=\"false\">\n<div class=\"ds-icon-button__hover-bg\"><\/div>\n<div class=\"ds-icon\"><\/div>\n<\/div>\n<div class=\"ds-icon-button db183363\" tabindex=\"-1\" role=\"button\" aria-disabled=\"false\">\n<div class=\"ds-icon-button__hover-bg\"><\/div>\n<div class=\"ds-icon\"><\/div>\n<\/div>\n<div class=\"ds-icon-button db183363\" tabindex=\"-1\" role=\"button\" aria-disabled=\"false\">\n<div class=\"ds-icon-button__hover-bg\"><\/div>\n<div class=\"ds-icon\"><\/div>\n<\/div>\n<\/div>\n<div><\/div>\n<\/div>\n<\/div>\n<\/div>\n<div class=\"_871cbca\"><\/div>\n","protected":false},"excerpt":{"rendered":"<p>\u00a0A Prefeitura Municipal de Tr\u00eas Lagoas, por meio da Secretaria Municipal de Sa\u00fade (SMS), divulgou um balan\u00e7o epidemiol\u00f3gico que aponta cen\u00e1rio positivo para os principais agravos de sa\u00fade que afetam o munic\u00edpio. Os dados mostram controle da pandemia de COVID-19, redu\u00e7\u00e3o nos casos graves de s\u00edndrome respirat\u00f3ria e queda acentuada nos registros de dengue. S\u00edndrome [&hellip;]<\/p>\n","protected":false},"author":5,"featured_media":39366,"comment_status":"open","ping_status":"open","sticky":false,"template":"","format":"standard","meta":{"om_disable_all_campaigns":false,"_monsterinsights_skip_tracking":false,"_monsterinsights_sitenote_active":false,"_monsterinsights_sitenote_note":"","_monsterinsights_sitenote_category":0,"footnotes":""},"categories":[30,266,193,44,48],"tags":[],"aioseo_notices":[],"_links":{"self":[{"href":"https:\/\/expressaoms.com.br\/index.php\/wp-json\/wp\/v2\/posts\/39365"}],"collection":[{"href":"https:\/\/expressaoms.com.br\/index.php\/wp-json\/wp\/v2\/posts"}],"about":[{"href":"https:\/\/expressaoms.com.br\/index.php\/wp-json\/wp\/v2\/types\/post"}],"author":[{"embeddable":true,"href":"https:\/\/expressaoms.com.br\/index.php\/wp-json\/wp\/v2\/users\/5"}],"replies":[{"embeddable":true,"href":"https:\/\/expressaoms.com.br\/index.php\/wp-json\/wp\/v2\/comments?post=39365"}],"version-history":[{"count":1,"href":"https:\/\/expressaoms.com.br\/index.php\/wp-json\/wp\/v2\/posts\/39365\/revisions"}],"predecessor-version":[{"id":39367,"href":"https:\/\/expressaoms.com.br\/index.php\/wp-json\/wp\/v2\/posts\/39365\/revisions\/39367"}],"wp:featuredmedia":[{"embeddable":true,"href":"https:\/\/expressaoms.com.br\/index.php\/wp-json\/wp\/v2\/media\/39366"}],"wp:attachment":[{"href":"https:\/\/expressaoms.com.br\/index.php\/wp-json\/wp\/v2\/media?parent=39365"}],"wp:term":[{"taxonomy":"category","embeddable":true,"href":"https:\/\/expressaoms.com.br\/index.php\/wp-json\/wp\/v2\/categories?post=39365"},{"taxonomy":"post_tag","embeddable":true,"href":"https:\/\/expressaoms.com.br\/index.php\/wp-json\/wp\/v2\/tags?post=39365"}],"curies":[{"name":"wp","href":"https:\/\/api.w.org\/{rel}","templated":true}]}}