{"id":39424,"date":"2025-10-17T16:06:15","date_gmt":"2025-10-17T20:06:15","guid":{"rendered":"https:\/\/expressaoms.com.br\/?p=39424"},"modified":"2025-10-17T16:06:15","modified_gmt":"2025-10-17T20:06:15","slug":"brasilandia-abre-periodo-de-solicitacoes-para-taxa-de-lixo-2026-com-opcoes-de-beneficios-e-parcelamento","status":"publish","type":"post","link":"https:\/\/expressaoms.com.br\/index.php\/2025\/10\/17\/brasilandia-abre-periodo-de-solicitacoes-para-taxa-de-lixo-2026-com-opcoes-de-beneficios-e-parcelamento\/","title":{"rendered":"Brasil\u00e2ndia abre per\u00edodo de solicita\u00e7\u00f5es para Taxa de Lixo 2026 com op\u00e7\u00f5es de benef\u00edcios e parcelamento"},"content":{"rendered":"<div class=\"ntc_resumo_noticia sw_lato_bold\"><em><strong>Contribuintes podem escolher forma de cobran\u00e7a e solicitar descontos at\u00e9 28 de novembro; isen\u00e7\u00e3o \u00e9 garantida para fam\u00edlias com renda per capita de at\u00e9 R$ 218<\/strong><\/em><\/div>\n<div><\/div>\n<div class=\"ntc_descricao_noticia\">\n<div class=\"ntc_cont_descricao_noticia sw_txteditor\">\n<p>Est\u00e1 aberto o per\u00edodo para que os contribuintes de Brasil\u00e2ndia definam como desejam pagar a Taxa de Res\u00edduos S\u00f3lidos Urbanos (TRS) &#8211; popularmente conhecida como Taxa de Lixo &#8211; no ano de 2026. De 13 de outubro a 28 de novembro, a popula\u00e7\u00e3o pode escolher a forma de cobran\u00e7a e solicitar benef\u00edcios que v\u00e3o desde descontos at\u00e9 a isen\u00e7\u00e3o total, dependendo da situa\u00e7\u00e3o econ\u00f4mica de cada fam\u00edlia.<br \/>\nO secret\u00e1rio municipal de Finan\u00e7as,\u00a0Marcos Augusto Freire, explica que a antecipa\u00e7\u00e3o do per\u00edodo de escolhas busca dar mais transpar\u00eancia e flexibilidade aos contribuintes. &#8220;Queremos que cada cidad\u00e3o possa optar pela modalidade que melhor se adapte \u00e0 sua realidade financeira. S\u00e3o v\u00e1rias op\u00e7\u00f5es, desde o parcelamento junto com a conta de \u00e1gua at\u00e9 descontos para quem preferir pagar \u00e0 vista&#8221;, detalha o gestor.<\/p>\n<h2>OP\u00c7\u00d5ES DE COBRAN\u00c7A<\/h2>\n<p>Os contribuintes as seguintes alternartivas: a guia espec\u00edfica com desconto de 10% para pagamento \u00e0 vista; ou a guia espec\u00edfica em at\u00e9 10 parcelas mensais sem desconto.<br \/>\nPara quem optar pela guia, \u00e9 importante ficar atento: o documento dever\u00e1 ser retirado no Setor de Tributa\u00e7\u00e3o, localizado na Rua Elviro Mancine, 530, Centro, at\u00e9 31 dias ap\u00f3s o lan\u00e7amento do exerc\u00edcio de 2026.<\/p>\n<h2><strong>BENEF\u00cdCIOS SOCIAIS<\/strong><\/h2>\n<p>A legisla\u00e7\u00e3o municipal prev\u00ea dois tipos de benef\u00edcios para fam\u00edlias em situa\u00e7\u00e3o de vulnerabilidade. A Taxa Social oferece desconto de 20% na TRS, enquanto a isen\u00e7\u00e3o total \u00e9 garantida para unidades residenciais cuja renda familiar per capita mensal seja igual ou inferior a R$ 218,00 &#8211; valor estabelecido pela Lei Complementar n\u00ba 153\/2022.<\/p>\n<h2><strong>ONDE SOLICITAR?<\/strong><\/h2>\n<p>As solicita\u00e7\u00f5es podem ser feitas presencialmente em tr\u00eas locais: Setor de Tributa\u00e7\u00e3o (Rua Elviro Mancine, 530 &#8211; Centro), Secretaria de Assist\u00eancia Social (Rua Coterp, 90 &#8211; Centro) e CRAS (Av. S\u00e3o Jos\u00e9, 178 &#8211; Bairro Jos\u00e9 Rodrigues). Tamb\u00e9m \u00e9 poss\u00edvel realizar todo o processo pelo portal eletr\u00f4nico da prefeitura.<br \/>\nA prefeita\u00a0M\u00e1rcia Amaral\u00a0destaca que a diversidade de op\u00e7\u00f5es reflete a preocupa\u00e7\u00e3o da gest\u00e3o em conciliar a necess\u00e1ria arrecada\u00e7\u00e3o municipal com a realidade econ\u00f4mica da popula\u00e7\u00e3o. &#8220;Estamos buscando o equil\u00edbrio entre as contas p\u00fablicas e o bolso do contribuinte. Cada fam\u00edlia pode escolher a forma que melhor se adapta \u00e0 sua situa\u00e7\u00e3o&#8221;, finaliza a gestora.<br \/>\nPara d\u00favidas e esclarecimentos, os contribuintes podem entrar em contato pelo WhatsApp (67) 99918-0613.<\/p>\n<\/div>\n<\/div>\n","protected":false},"excerpt":{"rendered":"<p>Contribuintes podem escolher forma de cobran\u00e7a e solicitar descontos at\u00e9 28 de novembro; isen\u00e7\u00e3o \u00e9 garantida para fam\u00edlias com renda per capita de at\u00e9 R$ 218 Est\u00e1 aberto o per\u00edodo para que os contribuintes de Brasil\u00e2ndia definam como desejam pagar a Taxa de Res\u00edduos S\u00f3lidos Urbanos (TRS) &#8211; popularmente conhecida como Taxa de Lixo &#8211; [&hellip;]<\/p>\n","protected":false},"author":5,"featured_media":39425,"comment_status":"open","ping_status":"open","sticky":false,"template":"","format":"standard","meta":{"om_disable_all_campaigns":false,"_monsterinsights_skip_tracking":false,"_monsterinsights_sitenote_active":false,"_monsterinsights_sitenote_note":"","_monsterinsights_sitenote_category":0,"footnotes":""},"categories":[26,30,266,193],"tags":[],"aioseo_notices":[],"_links":{"self":[{"href":"https:\/\/expressaoms.com.br\/index.php\/wp-json\/wp\/v2\/posts\/39424"}],"collection":[{"href":"https:\/\/expressaoms.com.br\/index.php\/wp-json\/wp\/v2\/posts"}],"about":[{"href":"https:\/\/expressaoms.com.br\/index.php\/wp-json\/wp\/v2\/types\/post"}],"author":[{"embeddable":true,"href":"https:\/\/expressaoms.com.br\/index.php\/wp-json\/wp\/v2\/users\/5"}],"replies":[{"embeddable":true,"href":"https:\/\/expressaoms.com.br\/index.php\/wp-json\/wp\/v2\/comments?post=39424"}],"version-history":[{"count":1,"href":"https:\/\/expressaoms.com.br\/index.php\/wp-json\/wp\/v2\/posts\/39424\/revisions"}],"predecessor-version":[{"id":39426,"href":"https:\/\/expressaoms.com.br\/index.php\/wp-json\/wp\/v2\/posts\/39424\/revisions\/39426"}],"wp:featuredmedia":[{"embeddable":true,"href":"https:\/\/expressaoms.com.br\/index.php\/wp-json\/wp\/v2\/media\/39425"}],"wp:attachment":[{"href":"https:\/\/expressaoms.com.br\/index.php\/wp-json\/wp\/v2\/media?parent=39424"}],"wp:term":[{"taxonomy":"category","embeddable":true,"href":"https:\/\/expressaoms.com.br\/index.php\/wp-json\/wp\/v2\/categories?post=39424"},{"taxonomy":"post_tag","embeddable":true,"href":"https:\/\/expressaoms.com.br\/index.php\/wp-json\/wp\/v2\/tags?post=39424"}],"curies":[{"name":"wp","href":"https:\/\/api.w.org\/{rel}","templated":true}]}}