{"id":39427,"date":"2025-10-17T16:07:58","date_gmt":"2025-10-17T20:07:58","guid":{"rendered":"https:\/\/expressaoms.com.br\/?p=39427"},"modified":"2025-10-17T16:08:53","modified_gmt":"2025-10-17T20:08:53","slug":"brasilandia-homologa-nova-diretoria-escolar-para-os-proximos-dois-anos","status":"publish","type":"post","link":"https:\/\/expressaoms.com.br\/index.php\/2025\/10\/17\/brasilandia-homologa-nova-diretoria-escolar-para-os-proximos-dois-anos\/","title":{"rendered":"Brasil\u00e2ndia homologa nova diretoria escolar para os pr\u00f3ximos dois anos"},"content":{"rendered":"<div class=\"ntc_resumo_noticia sw_lato_bold\"><em><strong>Prefeita M\u00e1rcia Amaral parabeniza doze gestores educacionais eleitos no processo seletivo; posse coletiva ser\u00e1 em 15 de dezembro no Pa\u00e7o Municipal<\/strong><\/em><\/div>\n<div><\/div>\n<div><\/div>\n<div class=\"ntc_descricao_noticia\">\n<div class=\"ntc_cont_descricao_noticia sw_txteditor\">\n<p>A educa\u00e7\u00e3o de Brasil\u00e2ndia ganhou novos rumos nesta semana com a homologa\u00e7\u00e3o oficial dos doze gestores que comandar\u00e3o as unidades escolares do munic\u00edpio pelos pr\u00f3ximos dois anos. O Termo de Homologa\u00e7\u00e3o, publicado na \u00faltima quinta-feira (16), consolida o resultado das elei\u00e7\u00f5es realizadas no dia 3 de outubro e aponta os nomes que assumir\u00e3o as dire\u00e7\u00f5es a partir de 15 de dezembro, quando ocorrer\u00e1 a posse coletiva no gabinete do Pa\u00e7o Municipal.<\/p>\n<p>A prefeita\u00a0M\u00e1rcia Amaral\u00a0n\u00e3o esconde a satisfa\u00e7\u00e3o com a conclus\u00e3o do processo. &#8220;Parabenizo todos os eleitos e reeleitos por confiarem em nosso projeto de educa\u00e7\u00e3o. Estamos entregando as escolas a profissionais competentes e comprometidos com o futuro das nossas crian\u00e7as&#8221;, afirma a gestora, que assinou a nomea\u00e7\u00e3o junto com a secret\u00e1ria municipal de Educa\u00e7\u00e3o e Cultura,\u00a0Maria In\u00eas Anselmo Costa.<\/p>\n<p>A secret\u00e1ria Maria In\u00eas Anselmo Costa destaca a import\u00e2ncia do processo democr\u00e1tico. &#8220;Cada gestor eleito traz em sua bagagem n\u00e3o apenas conhecimento t\u00e9cnico, mas um profundo compromisso com a educa\u00e7\u00e3o p\u00fablica de qualidade. Estamos formando uma equipe coesa e preparada para os desafios dos pr\u00f3ximos anos&#8221;, avalia.<\/p>\n<p>Os novos diretores e diretoras exercer\u00e3o suas fun\u00e7\u00f5es no per\u00edodo de 15 de dezembro de 2025 a 15 de dezembro de 2027, com possibilidade de recondu\u00e7\u00e3o por igual per\u00edodo, conforme previsto na legisla\u00e7\u00e3o municipal e no Plano Municipal de Educa\u00e7\u00e3o.<\/p>\n<p>Para a prefeita M\u00e1rcia Amaral, a estabilidade na gest\u00e3o escolar \u00e9 fundamental para o sucesso do processo educacional. &#8220;Dois anos de gest\u00e3o permitem que os projetos sejam implementados e os resultados possam ser mensurados. Temos plena confian\u00e7a no trabalho que ser\u00e1 desenvolvido por essa nova equipe&#8221;, complementa.<\/p>\n<\/div>\n<\/div>\n","protected":false},"excerpt":{"rendered":"<p>Prefeita M\u00e1rcia Amaral parabeniza doze gestores educacionais eleitos no processo seletivo; posse coletiva ser\u00e1 em 15 de dezembro no Pa\u00e7o Municipal A educa\u00e7\u00e3o de Brasil\u00e2ndia ganhou novos rumos nesta semana com a homologa\u00e7\u00e3o oficial dos doze gestores que comandar\u00e3o as unidades escolares do munic\u00edpio pelos pr\u00f3ximos dois anos. O Termo de Homologa\u00e7\u00e3o, publicado na \u00faltima [&hellip;]<\/p>\n","protected":false},"author":5,"featured_media":39428,"comment_status":"open","ping_status":"open","sticky":false,"template":"","format":"standard","meta":{"om_disable_all_campaigns":false,"_monsterinsights_skip_tracking":false,"_monsterinsights_sitenote_active":false,"_monsterinsights_sitenote_note":"","_monsterinsights_sitenote_category":0,"footnotes":""},"categories":[26,30,32,266,193],"tags":[],"aioseo_notices":[],"_links":{"self":[{"href":"https:\/\/expressaoms.com.br\/index.php\/wp-json\/wp\/v2\/posts\/39427"}],"collection":[{"href":"https:\/\/expressaoms.com.br\/index.php\/wp-json\/wp\/v2\/posts"}],"about":[{"href":"https:\/\/expressaoms.com.br\/index.php\/wp-json\/wp\/v2\/types\/post"}],"author":[{"embeddable":true,"href":"https:\/\/expressaoms.com.br\/index.php\/wp-json\/wp\/v2\/users\/5"}],"replies":[{"embeddable":true,"href":"https:\/\/expressaoms.com.br\/index.php\/wp-json\/wp\/v2\/comments?post=39427"}],"version-history":[{"count":1,"href":"https:\/\/expressaoms.com.br\/index.php\/wp-json\/wp\/v2\/posts\/39427\/revisions"}],"predecessor-version":[{"id":39429,"href":"https:\/\/expressaoms.com.br\/index.php\/wp-json\/wp\/v2\/posts\/39427\/revisions\/39429"}],"wp:featuredmedia":[{"embeddable":true,"href":"https:\/\/expressaoms.com.br\/index.php\/wp-json\/wp\/v2\/media\/39428"}],"wp:attachment":[{"href":"https:\/\/expressaoms.com.br\/index.php\/wp-json\/wp\/v2\/media?parent=39427"}],"wp:term":[{"taxonomy":"category","embeddable":true,"href":"https:\/\/expressaoms.com.br\/index.php\/wp-json\/wp\/v2\/categories?post=39427"},{"taxonomy":"post_tag","embeddable":true,"href":"https:\/\/expressaoms.com.br\/index.php\/wp-json\/wp\/v2\/tags?post=39427"}],"curies":[{"name":"wp","href":"https:\/\/api.w.org\/{rel}","templated":true}]}}