{"id":39640,"date":"2025-10-23T08:42:20","date_gmt":"2025-10-23T12:42:20","guid":{"rendered":"https:\/\/expressaoms.com.br\/?p=39640"},"modified":"2025-10-23T11:00:13","modified_gmt":"2025-10-23T15:00:13","slug":"mato-grosso-do-sul-deve-liberar-ate-fevereiro-instalacao-de-nova-megafabrica-de-celulose","status":"publish","type":"post","link":"https:\/\/expressaoms.com.br\/index.php\/2025\/10\/23\/mato-grosso-do-sul-deve-liberar-ate-fevereiro-instalacao-de-nova-megafabrica-de-celulose\/","title":{"rendered":"Mato Grosso do Sul deve liberar at\u00e9 fevereiro instala\u00e7\u00e3o de nova megaf\u00e1brica de celulose"},"content":{"rendered":"<p class=\"ds-markdown-paragraph\"><strong><em>Secret\u00e1rio estadual de Meio Ambiente, Jaime Verruck, prev\u00ea conclus\u00e3o do licenciamento da Bracell em Bataguassu, com investimento de R\uff04 24,3 bilh\u00f5es<\/em><\/strong><\/p>\n<p>&nbsp;<\/p>\n<p class=\"ds-markdown-paragraph\">Nos pr\u00f3ximos meses, Mato Grosso do Sul dar\u00e1 mais um passo para consolidar sua posi\u00e7\u00e3o como polo nacional da ind\u00fastria de celulose. De acordo com o secret\u00e1rio de Estado de Meio Ambiente, Desenvolvimento, Ci\u00eancia, Tecnologia e Inova\u00e7\u00e3o (Semadesc), Jaime Verruck, a instala\u00e7\u00e3o da nova megaf\u00e1brica da Bracell, no munic\u00edpio de Bataguassu, a 310 km de Campo Grande, deve ter todas as licen\u00e7as ambientais concedidas at\u00e9 fevereiro de 2026.<\/p>\n<p class=\"ds-markdown-paragraph\">O processo de licenciamento est\u00e1 atualmente em an\u00e1lise pelo Conselho Estadual de Controle Ambiental. A expectativa \u00e9 que a licen\u00e7a pr\u00e9via seja aprovada at\u00e9 o in\u00edcio de novembro, seguindo-se a emiss\u00e3o da Licen\u00e7a de Instala\u00e7\u00e3o (LI) pelo Imasul (Instituto de Meio Ambiente de Mato Grosso do Sul).<\/p>\n<p class=\"ds-markdown-paragraph\">A planta industrial, que receber\u00e1 um investimento de US\uff04 4,5 bilh\u00f5es (cerca de R\uff04 24,3 bilh\u00f5es), ter\u00e1 capacidade para produzir 2,8 milh\u00f5es de toneladas anuais de celulose \u2014 incluindo pela primeira vez no estado o tipo sol\u00favel, al\u00e9m da celulose kraft.<\/p>\n<h2 class=\"ds-markdown-paragraph\"><strong>Plano B\u00e1sico Ambiental e contrapartidas<\/strong><\/h2>\n<p class=\"ds-markdown-paragraph\">Durante a tramita\u00e7\u00e3o das licen\u00e7as, ser\u00e1 discutido o Plano B\u00e1sico Ambiental, que define as contrapartidas da empresa para atividades n\u00e3o mitig\u00e1veis, como constru\u00e7\u00e3o de hospitais, moradias e apoio a pol\u00edticas p\u00fablicas.<\/p>\n<p class=\"ds-markdown-paragraph\">\u201cA previs\u00e3o \u00e9 que no in\u00edcio de fevereiro se fa\u00e7a a entrega oficial da licen\u00e7a de instala\u00e7\u00e3o da Bracell no munic\u00edpio de Bataguassu\u201d, afirmou Verruck, durante evento promovido pela empresa em S\u00e3o Paulo.<\/p>\n<p class=\"ds-markdown-paragraph\">A Bracell j\u00e1 adiantou uma de suas principais metas ambientais: a empresa preserva atualmente 1,08 hectare de mata nativa para cada hectare de floresta plantada, superando a m\u00e9dia do setor, que \u00e9 de 0,7 hectare preservado.<\/p>\n<p class=\"ds-markdown-paragraph\">Em Mato Grosso do Sul, a empresa atuar\u00e1 em uma \u00e1rea total de aproximadamente 400 mil hectares, localizada em Bataguassu e munic\u00edpios vizinhos como \u00c1gua Clara, Santa Rita do Pardo e Ribas do Rio Pardo.<\/p>\n<h2 class=\"ds-markdown-paragraph\"><strong>Cen\u00e1rio atual e futuros investimentos<\/strong><\/h2>\n<p class=\"ds-markdown-paragraph\">Com a chegada da Bracell, Mato Grosso do Sul refor\u00e7a a regi\u00e3o conhecida como Vale da Celulose. Atualmente, o estado j\u00e1 conta com:<\/p>\n<ul>\n<li>\n<p class=\"ds-markdown-paragraph\"><strong>Arauco (Inoc\u00eancia)<\/strong>: maior f\u00e1brica do mundo em constru\u00e7\u00e3o, com previs\u00e3o de produ\u00e7\u00e3o de 3,5 milh\u00f5es de toneladas\/ano e investimento de US\uff04 4,6 bilh\u00f5es;<\/p>\n<\/li>\n<li>\n<p class=\"ds-markdown-paragraph\"><strong>Eldorado Brasil (Tr\u00eas Lagoas)<\/strong>: segunda linha em planejamento, com capacidade para 2,5 milh\u00f5es de toneladas\/ano e investimento entre US\uff04 4,5 bi e US\uff04 5 bi.<\/p>\n<\/li>\n<\/ul>\n<p class=\"ds-markdown-paragraph\">Somadas \u00e0s unidades da Suzano \u2014 duas em Tr\u00eas Lagoas e uma em Ribas do Rio Pardo \u2014 e \u00e0 primeira linha da Eldorado, a capacidade total de produ\u00e7\u00e3o de celulose no estado chegar\u00e1 a patamares ainda mais expressivos, consolidando a trajet\u00f3ria de crescimento do setor no Centro-Oeste.<\/p>\n","protected":false},"excerpt":{"rendered":"<p>Secret\u00e1rio estadual de Meio Ambiente, Jaime Verruck, prev\u00ea conclus\u00e3o do licenciamento da Bracell em Bataguassu, com investimento de R\uff04 24,3 bilh\u00f5es &nbsp; Nos pr\u00f3ximos meses, Mato Grosso do Sul dar\u00e1 mais um passo para consolidar sua posi\u00e7\u00e3o como polo nacional da ind\u00fastria de celulose. De acordo com o secret\u00e1rio de Estado de Meio Ambiente, Desenvolvimento, [&hellip;]<\/p>\n","protected":false},"author":5,"featured_media":39641,"comment_status":"open","ping_status":"open","sticky":false,"template":"","format":"standard","meta":{"om_disable_all_campaigns":false,"_monsterinsights_skip_tracking":false,"_monsterinsights_sitenote_active":false,"_monsterinsights_sitenote_note":"","_monsterinsights_sitenote_category":0,"footnotes":""},"categories":[191,30,31,266,193],"tags":[],"aioseo_notices":[],"_links":{"self":[{"href":"https:\/\/expressaoms.com.br\/index.php\/wp-json\/wp\/v2\/posts\/39640"}],"collection":[{"href":"https:\/\/expressaoms.com.br\/index.php\/wp-json\/wp\/v2\/posts"}],"about":[{"href":"https:\/\/expressaoms.com.br\/index.php\/wp-json\/wp\/v2\/types\/post"}],"author":[{"embeddable":true,"href":"https:\/\/expressaoms.com.br\/index.php\/wp-json\/wp\/v2\/users\/5"}],"replies":[{"embeddable":true,"href":"https:\/\/expressaoms.com.br\/index.php\/wp-json\/wp\/v2\/comments?post=39640"}],"version-history":[{"count":1,"href":"https:\/\/expressaoms.com.br\/index.php\/wp-json\/wp\/v2\/posts\/39640\/revisions"}],"predecessor-version":[{"id":39642,"href":"https:\/\/expressaoms.com.br\/index.php\/wp-json\/wp\/v2\/posts\/39640\/revisions\/39642"}],"wp:featuredmedia":[{"embeddable":true,"href":"https:\/\/expressaoms.com.br\/index.php\/wp-json\/wp\/v2\/media\/39641"}],"wp:attachment":[{"href":"https:\/\/expressaoms.com.br\/index.php\/wp-json\/wp\/v2\/media?parent=39640"}],"wp:term":[{"taxonomy":"category","embeddable":true,"href":"https:\/\/expressaoms.com.br\/index.php\/wp-json\/wp\/v2\/categories?post=39640"},{"taxonomy":"post_tag","embeddable":true,"href":"https:\/\/expressaoms.com.br\/index.php\/wp-json\/wp\/v2\/tags?post=39640"}],"curies":[{"name":"wp","href":"https:\/\/api.w.org\/{rel}","templated":true}]}}