{"id":39687,"date":"2025-10-23T16:48:22","date_gmt":"2025-10-23T20:48:22","guid":{"rendered":"https:\/\/expressaoms.com.br\/?p=39687"},"modified":"2025-10-23T15:50:26","modified_gmt":"2025-10-23T19:50:26","slug":"tres-lagoas-arrecada-25-toneladas-de-residuos-eletronicos-durante-caravana-eletronico-nao-e-lixo","status":"publish","type":"post","link":"https:\/\/expressaoms.com.br\/index.php\/2025\/10\/23\/tres-lagoas-arrecada-25-toneladas-de-residuos-eletronicos-durante-caravana-eletronico-nao-e-lixo\/","title":{"rendered":"Tr\u00eas Lagoas arrecada 2,5 toneladas de res\u00edduos eletr\u00f4nicos durante Caravana \u201cEletr\u00f4nico N\u00e3o \u00e9 Lixo\u201d"},"content":{"rendered":"<p>A Prefeitura de Tr\u00eas Lagoas, em parceria com o programa Programando o Futuro, encerrou com sucesso a Caravana de Coleta de Res\u00edduos Eletr\u00f4nicos \u2013 \u201cEletr\u00f4nico N\u00e3o \u00e9 Lixo\u201d, realizada nos dias 21 e 22 de outubro, na Avenida Ros\u00e1rio Congro, no bairro Esplanada NOB.<\/p>\n<p>Durante os dois dias de a\u00e7\u00e3o, a popula\u00e7\u00e3o participou ativamente, contribuindo para o recolhimento de cerca de 2,5 toneladas de materiais eletr\u00f4nicos, entre computadores, celulares, tablets, impressoras, aparelhos de som, ventiladores e outros equipamentos fora de uso.<\/p>\n<p>A iniciativa teve como principal objetivo conscientizar a popula\u00e7\u00e3o sobre o descarte ambientalmente correto dos res\u00edduos eletr\u00f4nicos, evitando que esses materiais acabem em locais inadequados e causem danos ao meio ambiente.<\/p>\n<p>Al\u00e9m da coleta, a Caravana promoveu um sorteio especial, premiando participantes com dois computadores recondicionados. Os sorteados foram Aureo Aparecido Carlini e Suely Marques da Silva. O sorteio foi realizado ao final do evento, no dia 22, e os ganhadores j\u00e1 receberam seus pr\u00eamios.<\/p>\n","protected":false},"excerpt":{"rendered":"<p>A Prefeitura de Tr\u00eas Lagoas, em parceria com o programa Programando o Futuro, encerrou com sucesso a Caravana de Coleta de Res\u00edduos Eletr\u00f4nicos \u2013 \u201cEletr\u00f4nico N\u00e3o \u00e9 Lixo\u201d, realizada nos dias 21 e 22 de outubro, na Avenida Ros\u00e1rio Congro, no bairro Esplanada NOB. Durante os dois dias de a\u00e7\u00e3o, a popula\u00e7\u00e3o participou ativamente, contribuindo [&hellip;]<\/p>\n","protected":false},"author":5,"featured_media":39688,"comment_status":"open","ping_status":"open","sticky":false,"template":"","format":"standard","meta":{"om_disable_all_campaigns":false,"_monsterinsights_skip_tracking":false,"_monsterinsights_sitenote_active":false,"_monsterinsights_sitenote_note":"","_monsterinsights_sitenote_category":0,"footnotes":""},"categories":[30,266,193,48],"tags":[],"aioseo_notices":[],"_links":{"self":[{"href":"https:\/\/expressaoms.com.br\/index.php\/wp-json\/wp\/v2\/posts\/39687"}],"collection":[{"href":"https:\/\/expressaoms.com.br\/index.php\/wp-json\/wp\/v2\/posts"}],"about":[{"href":"https:\/\/expressaoms.com.br\/index.php\/wp-json\/wp\/v2\/types\/post"}],"author":[{"embeddable":true,"href":"https:\/\/expressaoms.com.br\/index.php\/wp-json\/wp\/v2\/users\/5"}],"replies":[{"embeddable":true,"href":"https:\/\/expressaoms.com.br\/index.php\/wp-json\/wp\/v2\/comments?post=39687"}],"version-history":[{"count":1,"href":"https:\/\/expressaoms.com.br\/index.php\/wp-json\/wp\/v2\/posts\/39687\/revisions"}],"predecessor-version":[{"id":39689,"href":"https:\/\/expressaoms.com.br\/index.php\/wp-json\/wp\/v2\/posts\/39687\/revisions\/39689"}],"wp:featuredmedia":[{"embeddable":true,"href":"https:\/\/expressaoms.com.br\/index.php\/wp-json\/wp\/v2\/media\/39688"}],"wp:attachment":[{"href":"https:\/\/expressaoms.com.br\/index.php\/wp-json\/wp\/v2\/media?parent=39687"}],"wp:term":[{"taxonomy":"category","embeddable":true,"href":"https:\/\/expressaoms.com.br\/index.php\/wp-json\/wp\/v2\/categories?post=39687"},{"taxonomy":"post_tag","embeddable":true,"href":"https:\/\/expressaoms.com.br\/index.php\/wp-json\/wp\/v2\/tags?post=39687"}],"curies":[{"name":"wp","href":"https:\/\/api.w.org\/{rel}","templated":true}]}}