{"id":39692,"date":"2025-10-24T08:28:10","date_gmt":"2025-10-24T12:28:10","guid":{"rendered":"https:\/\/expressaoms.com.br\/?p=39692"},"modified":"2025-10-24T08:29:52","modified_gmt":"2025-10-24T12:29:52","slug":"camara-de-tres-lagoas-homenageia-cidadaos-e-entidades-em-sessao-solene","status":"publish","type":"post","link":"https:\/\/expressaoms.com.br\/index.php\/2025\/10\/24\/camara-de-tres-lagoas-homenageia-cidadaos-e-entidades-em-sessao-solene\/","title":{"rendered":"C\u00e2mara de Tr\u00eas Lagoas homenageia cidad\u00e3os e entidades em sess\u00e3o solene"},"content":{"rendered":"<p class=\"ds-markdown-paragraph\"><strong><em>Evento proposto pelo vereador Robson do Alinhamento reconheceu servi\u00e7os prestados ao munic\u00edpio<\/em><\/strong><\/p>\n<p>&nbsp;<\/p>\n<p class=\"ds-markdown-paragraph\">Na noite da \u00faltima quinta-feira (23), a C\u00e2mara Municipal de Tr\u00eas Lagoas realizou uma sess\u00e3o solene para homenagear personalidades, empres\u00e1rios, religiosos e servidores p\u00fablicos que se destacaram por seus relevantes servi\u00e7os prestados \u00e0 comunidade. A proposta partiu do vereador Robson do Alinhamento, que foi o autor da maioria das mo\u00e7\u00f5es e t\u00edtulos concedidos.<\/p>\n<p class=\"ds-markdown-paragraph\">Estiveram presentes na Mesa de Honra o presidente da C\u00e2mara, vereador Tonh\u00e3o, o deputado federal Luiz Alberto Ovando, a secret\u00e1ria Juliana Salim, al\u00e9m dos homenageados e familiares.<\/p>\n<p class=\"ds-markdown-paragraph\">Em sua fala de abertura, o vereador Tonh\u00e3o elogiou a iniciativa do colega Robson do Alinhamento e ressaltou a import\u00e2ncia de reconhecer publicamente aqueles que contribuem para o desenvolvimento do munic\u00edpio. \u201cAcredito que esse \u00e9 o principal objetivo desta noite: enaltecer o trabalho daqueles que, ao longo do tempo, contribu\u00edram e contribuem para que nossa cidade continue progredindo\u201d, afirmou.<\/p>\n<p class=\"ds-markdown-paragraph\">O pastor Eduardo Francisco Lopes Marques, que falou em nome dos homenageados, agradeceu a Deus e \u00e0 C\u00e2mara pela honraria, citando trechos b\u00edblicos e desejando b\u00ean\u00e7\u00e3os a todos os presentes.<\/p>\n<p class=\"ds-markdown-paragraph\">O vereador Robson do Alinhamento emocionou-se ao falar sobre a trajet\u00f3ria dos homenageados. \u201cPara mim \u00e9 uma honra, uma alegria, estar homenageando essas pessoas que eu conhe\u00e7o, pessoas de car\u00e1ter ilibado e que t\u00eam contribu\u00eddo para o bem da nossa cidade\u201d, declarou. Ele tamb\u00e9m agradeceu a seus assessores, ao presidente da C\u00e2mara e ao deputado federal Luiz Alberto Ovando pelos recursos destinados ao munic\u00edpio.<\/p>\n<h2 class=\"ds-markdown-paragraph\"><strong>Deputado federal fala sobre reconhecimento e responsabilidade<\/strong><\/h2>\n<p class=\"ds-markdown-paragraph\">O deputado Luiz Alberto Ovando, que tamb\u00e9m foi homenageado com o Diploma de Honra ao M\u00e9rito, falou sobre a amizade com o vereador Robson e lembrou que ideias apresentadas por ele, como a implanta\u00e7\u00e3o do Ecoponto, hoje s\u00e3o realidade no munic\u00edpio. \u201cAqueles que receberam sua homenagem est\u00e3o sendo reconhecidos por esta cidade, mas continuar\u00e3o sendo cobrados, porque Deus nos quer atuantes e h\u00e1beis\u201d, destacou.<\/p>\n<p class=\"ds-markdown-paragraph\"><strong>Confira a lista completa de homenagens<\/strong>:<\/p>\n<ul>\n<li>\n<p class=\"ds-markdown-paragraph\"><strong>AMB2 Seguros e Seguran\u00e7a Ltda<\/strong>\u00a0\u2013 Mo\u00e7\u00e3o de Congratula\u00e7\u00e3o<\/p>\n<\/li>\n<li>\n<p class=\"ds-markdown-paragraph\"><strong>Ant\u00f4nio S\u00e1vio Giordano Seade<\/strong>\u00a0\u2013 T\u00edtulo de Cidad\u00e3o Tr\u00eas-Lagoense<\/p>\n<\/li>\n<li>\n<p class=\"ds-markdown-paragraph\"><strong>Eduardo Francisco Lopes Marques<\/strong>\u00a0\u2013 Diploma de Autoridade Eclesi\u00e1stica e Mo\u00e7\u00e3o de Congratula\u00e7\u00e3o<\/p>\n<\/li>\n<li>\n<p class=\"ds-markdown-paragraph\"><strong>Feis Hussen Jaruche Junior<\/strong>\u00a0\u2013 T\u00edtulo de Cidad\u00e3o Tr\u00eas-Lagoense<\/p>\n<\/li>\n<li>\n<p class=\"ds-markdown-paragraph\"><strong>Joaquim Caldas dos Reis<\/strong>\u00a0\u2013 T\u00edtulo de Cidad\u00e3o Tr\u00eas-Lagoense<\/p>\n<\/li>\n<li>\n<p class=\"ds-markdown-paragraph\"><strong>Luiz Alberto Ovando<\/strong>\u00a0\u2013 Diploma de Honra ao M\u00e9rito<\/p>\n<\/li>\n<li>\n<p class=\"ds-markdown-paragraph\"><strong>Oficina Mec\u00e2nica Guara\u00e7a\u00ed<\/strong>\u00a0\u2013 Mo\u00e7\u00e3o de Reconhecimento<\/p>\n<\/li>\n<li>\n<p class=\"ds-markdown-paragraph\"><strong>Oficina Mec\u00e2nica Murutinga<\/strong>\u00a0\u2013 Mo\u00e7\u00e3o de Congratula\u00e7\u00e3o<\/p>\n<\/li>\n<li>\n<p class=\"ds-markdown-paragraph\"><strong>Paola do Prado Gomes Marques<\/strong>\u00a0\u2013 T\u00edtulo de Cidad\u00e3 Tr\u00eas-Lagoense<\/p>\n<\/li>\n<li>\n<p class=\"ds-markdown-paragraph\"><strong>Ronaldo Luiz Morato<\/strong>\u00a0\u2013 T\u00edtulo de Cidad\u00e3o Tr\u00eas-Lagoense<\/p>\n<\/li>\n<li>\n<p class=\"ds-markdown-paragraph\"><strong>Samuel Bonfim Dias<\/strong>\u00a0\u2013 Mo\u00e7\u00e3o de Reconhecimento<\/p>\n<\/li>\n<li>\n<p class=\"ds-markdown-paragraph\"><strong>Jos\u00e9 Ferreira Torres<\/strong>\u00a0\u2013 Diploma Excel\u00eancia no Servi\u00e7o (autor: vereador Tonh\u00e3o)<\/p>\n<\/li>\n<\/ul>\n<p class=\"ds-markdown-paragraph\">A sess\u00e3o solene foi abrilhantada pela apresenta\u00e7\u00e3o musical do jovem Bruno Pedro, na abertura, e por membros do coral da ADTL, no encerramento, criando um ambiente de celebra\u00e7\u00e3o e gratid\u00e3o.<\/p>\n<p class=\"ds-markdown-paragraph\">A noite foi marcada pelo reconhecimento p\u00fablico e pela valoriza\u00e7\u00e3o de hist\u00f3rias de dedica\u00e7\u00e3o \u00e0 comunidade tr\u00eas-lagoense.<\/p>\n","protected":false},"excerpt":{"rendered":"<p>Evento proposto pelo vereador Robson do Alinhamento reconheceu servi\u00e7os prestados ao munic\u00edpio &nbsp; Na noite da \u00faltima quinta-feira (23), a C\u00e2mara Municipal de Tr\u00eas Lagoas realizou uma sess\u00e3o solene para homenagear personalidades, empres\u00e1rios, religiosos e servidores p\u00fablicos que se destacaram por seus relevantes servi\u00e7os prestados \u00e0 comunidade. A proposta partiu do vereador Robson do Alinhamento, [&hellip;]<\/p>\n","protected":false},"author":5,"featured_media":39693,"comment_status":"open","ping_status":"open","sticky":false,"template":"","format":"standard","meta":{"om_disable_all_campaigns":false,"_monsterinsights_skip_tracking":false,"_monsterinsights_sitenote_active":false,"_monsterinsights_sitenote_note":"","_monsterinsights_sitenote_category":0,"footnotes":""},"categories":[30,35,266,193,48],"tags":[],"aioseo_notices":[],"_links":{"self":[{"href":"https:\/\/expressaoms.com.br\/index.php\/wp-json\/wp\/v2\/posts\/39692"}],"collection":[{"href":"https:\/\/expressaoms.com.br\/index.php\/wp-json\/wp\/v2\/posts"}],"about":[{"href":"https:\/\/expressaoms.com.br\/index.php\/wp-json\/wp\/v2\/types\/post"}],"author":[{"embeddable":true,"href":"https:\/\/expressaoms.com.br\/index.php\/wp-json\/wp\/v2\/users\/5"}],"replies":[{"embeddable":true,"href":"https:\/\/expressaoms.com.br\/index.php\/wp-json\/wp\/v2\/comments?post=39692"}],"version-history":[{"count":2,"href":"https:\/\/expressaoms.com.br\/index.php\/wp-json\/wp\/v2\/posts\/39692\/revisions"}],"predecessor-version":[{"id":39695,"href":"https:\/\/expressaoms.com.br\/index.php\/wp-json\/wp\/v2\/posts\/39692\/revisions\/39695"}],"wp:featuredmedia":[{"embeddable":true,"href":"https:\/\/expressaoms.com.br\/index.php\/wp-json\/wp\/v2\/media\/39693"}],"wp:attachment":[{"href":"https:\/\/expressaoms.com.br\/index.php\/wp-json\/wp\/v2\/media?parent=39692"}],"wp:term":[{"taxonomy":"category","embeddable":true,"href":"https:\/\/expressaoms.com.br\/index.php\/wp-json\/wp\/v2\/categories?post=39692"},{"taxonomy":"post_tag","embeddable":true,"href":"https:\/\/expressaoms.com.br\/index.php\/wp-json\/wp\/v2\/tags?post=39692"}],"curies":[{"name":"wp","href":"https:\/\/api.w.org\/{rel}","templated":true}]}}