{"id":39702,"date":"2025-10-24T09:04:14","date_gmt":"2025-10-24T13:04:14","guid":{"rendered":"https:\/\/expressaoms.com.br\/?p=39702"},"modified":"2025-10-24T09:04:14","modified_gmt":"2025-10-24T13:04:14","slug":"oab-ms-entra-na-justica-contra-empresas-de-telefonia-e-big-techs-por-golpe-do-falso-advogado","status":"publish","type":"post","link":"https:\/\/expressaoms.com.br\/index.php\/2025\/10\/24\/oab-ms-entra-na-justica-contra-empresas-de-telefonia-e-big-techs-por-golpe-do-falso-advogado\/","title":{"rendered":"OAB-MS entra na Justi\u00e7a contra empresas de telefonia e big techs por golpe do &#8220;falso advogado&#8221;"},"content":{"rendered":"<p class=\"ds-markdown-paragraph\">A Ordem dos Advogados do Brasil, Seccional Mato Grosso do Sul (OAB-MS), anunciou nesta quinta-feira (23) que ir\u00e1 protocolar uma a\u00e7\u00e3o civil p\u00fablica contra empresas de telefonia e grandes plataformas de comunica\u00e7\u00e3o, as chamadas big techs. O objetivo \u00e9 responsabilizar judicialmente essas empresas pela dissemina\u00e7\u00e3o do golpe do &#8220;falso advogado&#8221;, que tem causado s\u00e9rios transtornos a profissionais da advocacia e a seus clientes.<\/p>\n<p class=\"ds-markdown-paragraph\">O presidente da OAB-MS, Bitto Pereira, explicou que a institui\u00e7\u00e3o j\u00e1 atua em duas frentes para combater a fraude. A primeira \u00e9 um canal de den\u00fancias dispon\u00edvel no site e nos canais oficiais da Ordem. &#8220;Nestes casos, encaminhamos as den\u00fancias recebidas para a Secretaria de Estado de Justi\u00e7a e Seguran\u00e7a P\u00fablica (Sejusp), que toma as provid\u00eancias cab\u00edveis, como, por exemplo, a abertura de inqu\u00e9rito&#8221;, detalhou.<\/p>\n<p class=\"ds-markdown-paragraph\">A segunda medida, mais contundente, \u00e9 o ajuizamento da a\u00e7\u00e3o civil p\u00fablica, que deve ser protocolada na pr\u00f3xima semana. A decis\u00e3o foi tomada ap\u00f3s tentativas de di\u00e1logo com as plataformas e operadoras, que n\u00e3o obtiveram o resultado esperado. Bitto Pereira alertou para a gravidade do golpe: &#8220;\u00c9 algo muito s\u00e9rio, porque as v\u00edtimas recebem uma mensagem com a foto de seu advogado, em muitos casos at\u00e9 mesmo mensagens com imita\u00e7\u00e3o da voz do profissional, com golpistas pedindo dinheiro para o pagamento de alvar\u00e1s ou custas que n\u00e3o existem&#8221;.<\/p>\n<p class=\"ds-markdown-paragraph\">Entre as empresas que ser\u00e3o inclu\u00eddas como r\u00e9s na a\u00e7\u00e3o est\u00e3o as operadoras de telefonia \u2013 especialmente as provedoras de internet, m\u00f3vel ou fixa, que det\u00eam os dados de seus clientes \u2013 e as plataformas de comunica\u00e7\u00e3o, como a Meta, controladora do WhatsApp, Instagram e Facebook. O presidente da OAB-MS ressaltou a import\u00e2ncia do cumprimento da Lei Geral de Prote\u00e7\u00e3o de Dados (LGPD): &#8220;Temos a LGPD, que estabelece regras muito claras sobre o uso dos dados dos cidad\u00e3os no universo digital, e essas regras t\u00eam de ser respeitadas&#8221;.<\/p>\n","protected":false},"excerpt":{"rendered":"<p>A Ordem dos Advogados do Brasil, Seccional Mato Grosso do Sul (OAB-MS), anunciou nesta quinta-feira (23) que ir\u00e1 protocolar uma a\u00e7\u00e3o civil p\u00fablica contra empresas de telefonia e grandes plataformas de comunica\u00e7\u00e3o, as chamadas big techs. O objetivo \u00e9 responsabilizar judicialmente essas empresas pela dissemina\u00e7\u00e3o do golpe do &#8220;falso advogado&#8221;, que tem causado s\u00e9rios transtornos [&hellip;]<\/p>\n","protected":false},"author":5,"featured_media":39703,"comment_status":"open","ping_status":"open","sticky":false,"template":"","format":"standard","meta":{"om_disable_all_campaigns":false,"_monsterinsights_skip_tracking":false,"_monsterinsights_sitenote_active":false,"_monsterinsights_sitenote_note":"","_monsterinsights_sitenote_category":0,"footnotes":""},"categories":[27,30,266,193],"tags":[],"aioseo_notices":[],"_links":{"self":[{"href":"https:\/\/expressaoms.com.br\/index.php\/wp-json\/wp\/v2\/posts\/39702"}],"collection":[{"href":"https:\/\/expressaoms.com.br\/index.php\/wp-json\/wp\/v2\/posts"}],"about":[{"href":"https:\/\/expressaoms.com.br\/index.php\/wp-json\/wp\/v2\/types\/post"}],"author":[{"embeddable":true,"href":"https:\/\/expressaoms.com.br\/index.php\/wp-json\/wp\/v2\/users\/5"}],"replies":[{"embeddable":true,"href":"https:\/\/expressaoms.com.br\/index.php\/wp-json\/wp\/v2\/comments?post=39702"}],"version-history":[{"count":1,"href":"https:\/\/expressaoms.com.br\/index.php\/wp-json\/wp\/v2\/posts\/39702\/revisions"}],"predecessor-version":[{"id":39704,"href":"https:\/\/expressaoms.com.br\/index.php\/wp-json\/wp\/v2\/posts\/39702\/revisions\/39704"}],"wp:featuredmedia":[{"embeddable":true,"href":"https:\/\/expressaoms.com.br\/index.php\/wp-json\/wp\/v2\/media\/39703"}],"wp:attachment":[{"href":"https:\/\/expressaoms.com.br\/index.php\/wp-json\/wp\/v2\/media?parent=39702"}],"wp:term":[{"taxonomy":"category","embeddable":true,"href":"https:\/\/expressaoms.com.br\/index.php\/wp-json\/wp\/v2\/categories?post=39702"},{"taxonomy":"post_tag","embeddable":true,"href":"https:\/\/expressaoms.com.br\/index.php\/wp-json\/wp\/v2\/tags?post=39702"}],"curies":[{"name":"wp","href":"https:\/\/api.w.org\/{rel}","templated":true}]}}