{"id":39705,"date":"2025-10-24T09:25:38","date_gmt":"2025-10-24T13:25:38","guid":{"rendered":"https:\/\/expressaoms.com.br\/?p=39705"},"modified":"2025-10-24T09:25:38","modified_gmt":"2025-10-24T13:25:38","slug":"tres-lagoas-avanca-na-inclusao-com-lei-que-cria-fundo-municipal-para-pessoa-com-deficiencia","status":"publish","type":"post","link":"https:\/\/expressaoms.com.br\/index.php\/2025\/10\/24\/tres-lagoas-avanca-na-inclusao-com-lei-que-cria-fundo-municipal-para-pessoa-com-deficiencia\/","title":{"rendered":"Tr\u00eas Lagoas avan\u00e7a na inclus\u00e3o com lei que cria Fundo Municipal para Pessoa com Defici\u00eancia"},"content":{"rendered":"<p class=\"ds-markdown-paragraph\">Foi publicada no Di\u00e1rio Oficial\u00a0 a Lei n\u00ba 4.340, de 16 de setembro de 2025, que autoriza o Poder Executivo de Tr\u00eas Lagoas a instituir o Fundo Municipal dos Direitos da Pessoa com Defici\u00eancia (FMDPCD). Sancionada pelo prefeito Cassiano Maia, a norma tem como objetivo central captar e aplicar recursos para a promo\u00e7\u00e3o, prote\u00e7\u00e3o, defesa e inclus\u00e3o das pessoas com defici\u00eancia no munic\u00edpio.<\/p>\n<p class=\"ds-markdown-paragraph\">De acordo com o texto legal, o fundo ser\u00e1 destinado ao apoio e execu\u00e7\u00e3o de pol\u00edticas p\u00fablicas, programas, projetos e a\u00e7\u00f5es voltados a esse segmento. Entre as fontes de receita previstas est\u00e3o transfer\u00eancias dos fundos federal e estadual da pessoa com defici\u00eancia, dota\u00e7\u00f5es or\u00e7ament\u00e1rias do munic\u00edpio, doa\u00e7\u00f5es, aux\u00edlios, contribui\u00e7\u00f5es, legados, subven\u00e7\u00f5es, receitas de aplica\u00e7\u00f5es financeiras e recursos oriundos de conv\u00eanios e parcerias com entidades p\u00fablicas e privadas.<\/p>\n<p class=\"ds-markdown-paragraph\">A gest\u00e3o, aplica\u00e7\u00e3o e fiscaliza\u00e7\u00e3o dos recursos do FMDPCD ser\u00e3o regulamentadas pelo Poder Executivo, devendo observar as delibera\u00e7\u00f5es do Conselho Municipal dos Direitos da Pessoa com Defici\u00eancia (CMDPCD), j\u00e1 existente no munic\u00edpio desde 2022. A lei entra em vigor a partir da data de sua publica\u00e7\u00e3o, e as despesas decorrentes de sua execu\u00e7\u00e3o ser\u00e3o cobertas por dota\u00e7\u00f5es or\u00e7ament\u00e1rias pr\u00f3prias.<\/p>\n<p class=\"ds-markdown-paragraph\">A medida representa um avan\u00e7o na estrutura\u00e7\u00e3o de pol\u00edticas p\u00fablicas voltadas \u00e0 inclus\u00e3o e \u00e0 garantia de direitos desse p\u00fablico no munic\u00edpio.<\/p>\n","protected":false},"excerpt":{"rendered":"<p>Foi publicada no Di\u00e1rio Oficial\u00a0 a Lei n\u00ba 4.340, de 16 de setembro de 2025, que autoriza o Poder Executivo de Tr\u00eas Lagoas a instituir o Fundo Municipal dos Direitos da Pessoa com Defici\u00eancia (FMDPCD). Sancionada pelo prefeito Cassiano Maia, a norma tem como objetivo central captar e aplicar recursos para a promo\u00e7\u00e3o, prote\u00e7\u00e3o, defesa [&hellip;]<\/p>\n","protected":false},"author":5,"featured_media":39706,"comment_status":"open","ping_status":"open","sticky":false,"template":"","format":"standard","meta":{"om_disable_all_campaigns":false,"_monsterinsights_skip_tracking":false,"_monsterinsights_sitenote_active":false,"_monsterinsights_sitenote_note":"","_monsterinsights_sitenote_category":0,"footnotes":""},"categories":[30,266,193,48],"tags":[],"aioseo_notices":[],"_links":{"self":[{"href":"https:\/\/expressaoms.com.br\/index.php\/wp-json\/wp\/v2\/posts\/39705"}],"collection":[{"href":"https:\/\/expressaoms.com.br\/index.php\/wp-json\/wp\/v2\/posts"}],"about":[{"href":"https:\/\/expressaoms.com.br\/index.php\/wp-json\/wp\/v2\/types\/post"}],"author":[{"embeddable":true,"href":"https:\/\/expressaoms.com.br\/index.php\/wp-json\/wp\/v2\/users\/5"}],"replies":[{"embeddable":true,"href":"https:\/\/expressaoms.com.br\/index.php\/wp-json\/wp\/v2\/comments?post=39705"}],"version-history":[{"count":1,"href":"https:\/\/expressaoms.com.br\/index.php\/wp-json\/wp\/v2\/posts\/39705\/revisions"}],"predecessor-version":[{"id":39707,"href":"https:\/\/expressaoms.com.br\/index.php\/wp-json\/wp\/v2\/posts\/39705\/revisions\/39707"}],"wp:featuredmedia":[{"embeddable":true,"href":"https:\/\/expressaoms.com.br\/index.php\/wp-json\/wp\/v2\/media\/39706"}],"wp:attachment":[{"href":"https:\/\/expressaoms.com.br\/index.php\/wp-json\/wp\/v2\/media?parent=39705"}],"wp:term":[{"taxonomy":"category","embeddable":true,"href":"https:\/\/expressaoms.com.br\/index.php\/wp-json\/wp\/v2\/categories?post=39705"},{"taxonomy":"post_tag","embeddable":true,"href":"https:\/\/expressaoms.com.br\/index.php\/wp-json\/wp\/v2\/tags?post=39705"}],"curies":[{"name":"wp","href":"https:\/\/api.w.org\/{rel}","templated":true}]}}