{"id":39711,"date":"2025-10-24T10:40:34","date_gmt":"2025-10-24T14:40:34","guid":{"rendered":"https:\/\/expressaoms.com.br\/?p=39711"},"modified":"2025-10-24T09:55:32","modified_gmt":"2025-10-24T13:55:32","slug":"jardim-das-violetas-i-e-ii-se-aproxima-de-100-de-pavimentacao-concluida","status":"publish","type":"post","link":"https:\/\/expressaoms.com.br\/index.php\/2025\/10\/24\/jardim-das-violetas-i-e-ii-se-aproxima-de-100-de-pavimentacao-concluida\/","title":{"rendered":"Jardim das Violetas I e II se aproxima de 100% de pavimenta\u00e7\u00e3o conclu\u00edda"},"content":{"rendered":"<p>Um dos bairros que por anos enfrentou grandes dificuldades com vias sem asfalto est\u00e1 prestes a ter sua realidade completamente transformada. A obra de pavimenta\u00e7\u00e3o e drenagem do Conjunto Habitacional das Violetas I e II, realizada pela Secretaria Municipal de Infraestrutura, Transporte e Tr\u00e2nsito (SEINTRA), est\u00e1 em fase final e j\u00e1 conta com 87,39% dos servi\u00e7os conclu\u00eddos.<\/p>\n<p>O projeto contempla pavimenta\u00e7\u00e3o asf\u00e1ltica, drenagem subterr\u00e2nea em tubos de concreto, meio-fio com sarjeta (drenagem superficial) e passeios com acessibilidade nas esquinas. Al\u00e9m disso, est\u00e3o sendo executadas as sinaliza\u00e7\u00f5es vertical e horizontal com placas de orienta\u00e7\u00e3o e advert\u00eancia, garantindo mais seguran\u00e7a e conforto aos usu\u00e1rios das vias.<\/p>\n<p>Atualmente, est\u00e3o em andamento os servi\u00e7os de pavimenta\u00e7\u00e3o asf\u00e1ltica, sinaliza\u00e7\u00e3o vertical e bocas de lobo (BLs). Nos pr\u00f3ximos dias, deve ter in\u00edcio a execu\u00e7\u00e3o das cal\u00e7adas de acessibilidade, sinaliza\u00e7\u00e3o horizontal e o nivelamento de po\u00e7os de visita (PV\u2019s).<\/p>\n<p>Com investimento de R$ 8.901.455,31, em conv\u00eanio com a Agesul e extens\u00e3o de 2.401 metros de drenagem e 40.103,56 m\u00b2 de pavimenta\u00e7\u00e3o, a obra representa um avan\u00e7o significativo na infraestrutura urbana do munic\u00edpio, promovendo melhor trafegabilidade, acessibilidade e qualidade de vida aos moradores da regi\u00e3o.<\/p>\n","protected":false},"excerpt":{"rendered":"<p>Um dos bairros que por anos enfrentou grandes dificuldades com vias sem asfalto est\u00e1 prestes a ter sua realidade completamente transformada. A obra de pavimenta\u00e7\u00e3o e drenagem do Conjunto Habitacional das Violetas I e II, realizada pela Secretaria Municipal de Infraestrutura, Transporte e Tr\u00e2nsito (SEINTRA), est\u00e1 em fase final e j\u00e1 conta com 87,39% dos [&hellip;]<\/p>\n","protected":false},"author":5,"featured_media":39712,"comment_status":"open","ping_status":"open","sticky":false,"template":"","format":"standard","meta":{"om_disable_all_campaigns":false,"_monsterinsights_skip_tracking":false,"_monsterinsights_sitenote_active":false,"_monsterinsights_sitenote_note":"","_monsterinsights_sitenote_category":0,"footnotes":""},"categories":[30,266,193,48],"tags":[],"aioseo_notices":[],"_links":{"self":[{"href":"https:\/\/expressaoms.com.br\/index.php\/wp-json\/wp\/v2\/posts\/39711"}],"collection":[{"href":"https:\/\/expressaoms.com.br\/index.php\/wp-json\/wp\/v2\/posts"}],"about":[{"href":"https:\/\/expressaoms.com.br\/index.php\/wp-json\/wp\/v2\/types\/post"}],"author":[{"embeddable":true,"href":"https:\/\/expressaoms.com.br\/index.php\/wp-json\/wp\/v2\/users\/5"}],"replies":[{"embeddable":true,"href":"https:\/\/expressaoms.com.br\/index.php\/wp-json\/wp\/v2\/comments?post=39711"}],"version-history":[{"count":1,"href":"https:\/\/expressaoms.com.br\/index.php\/wp-json\/wp\/v2\/posts\/39711\/revisions"}],"predecessor-version":[{"id":39713,"href":"https:\/\/expressaoms.com.br\/index.php\/wp-json\/wp\/v2\/posts\/39711\/revisions\/39713"}],"wp:featuredmedia":[{"embeddable":true,"href":"https:\/\/expressaoms.com.br\/index.php\/wp-json\/wp\/v2\/media\/39712"}],"wp:attachment":[{"href":"https:\/\/expressaoms.com.br\/index.php\/wp-json\/wp\/v2\/media?parent=39711"}],"wp:term":[{"taxonomy":"category","embeddable":true,"href":"https:\/\/expressaoms.com.br\/index.php\/wp-json\/wp\/v2\/categories?post=39711"},{"taxonomy":"post_tag","embeddable":true,"href":"https:\/\/expressaoms.com.br\/index.php\/wp-json\/wp\/v2\/tags?post=39711"}],"curies":[{"name":"wp","href":"https:\/\/api.w.org\/{rel}","templated":true}]}}