{"id":39723,"date":"2025-10-26T14:22:18","date_gmt":"2025-10-26T18:22:18","guid":{"rendered":"https:\/\/expressaoms.com.br\/?p=39723"},"modified":"2025-11-05T13:10:03","modified_gmt":"2025-11-05T17:10:03","slug":"prefeitura-inicia-mutirao-para-atualizacao-vacinal-e-emissao-de-dva-escolar-no-dia-8-de-novembro","status":"publish","type":"post","link":"https:\/\/expressaoms.com.br\/index.php\/2025\/10\/26\/prefeitura-inicia-mutirao-para-atualizacao-vacinal-e-emissao-de-dva-escolar-no-dia-8-de-novembro\/","title":{"rendered":"Prefeitura inicia mutir\u00e3o para atualiza\u00e7\u00e3o vacinal e emiss\u00e3o de DVA escolar no dia 8 de novembro"},"content":{"rendered":"<p>A Prefeitura de Tr\u00eas Lagoas, por meio da Secretaria Municipal de Sa\u00fade (SMS), realizar\u00e1 a partir do dia 8 de novembro de 2025 o Mutir\u00e3o de Atualiza\u00e7\u00e3o da Caderneta de Vacina\u00e7\u00e3o e Expedi\u00e7\u00e3o da Declara\u00e7\u00e3o de Vacina Atualizada (DVA), documento obrigat\u00f3rio para a matr\u00edcula escolar do ano letivo de 2026.<\/p>\n<p>O mutir\u00e3o contar\u00e1 com o \u201cDia D\u201d de vacina\u00e7\u00e3o no s\u00e1bado, 8 de novembro, das 8h \u00e0s 12h, em todas as Unidades B\u00e1sicas de Sa\u00fade (UBSs) do munic\u00edpio. A a\u00e7\u00e3o tem como objetivo garantir que crian\u00e7as, adolescentes e adultos estejam com a caderneta de vacina\u00e7\u00e3o em dia, atendendo \u00e0 exig\u00eancia das redes municipal e estadual de ensino.<\/p>\n<p>Al\u00e9m do mutir\u00e3o, a SMS realizar\u00e1, de 3 a 14 de novembro, a A\u00e7\u00e3o do Aluno Imunizado, voltada aos estudantes das escolas estaduais de Tr\u00eas Lagoas. Durante esse per\u00edodo, as equipes das UBSs estar\u00e3o visitando as escolas para verificar a situa\u00e7\u00e3o vacinal dos alunos, atualizar as cadernetas e, quando necess\u00e1rio, aplicar vacinas e expedir a DVA.<\/p>\n<p>A SMS orienta os pais e respons\u00e1veis a enviar a caderneta de vacina\u00e7\u00e3o no dia solicitado pela escola, para que a equipe de sa\u00fade possa realizar a an\u00e1lise e verificar a necessidade de atualiza\u00e7\u00e3o.<\/p>\n<p>A Declara\u00e7\u00e3o de Vacina Atualizada (DVA) ser\u00e1 emitida apenas para os estudantes que estiverem com todas as vacinas em dia. O documento \u00e9 obrigat\u00f3rio para a matr\u00edcula escolar de 2026.<\/p>\n<p>Servi\u00e7o:<br \/>\nEvento: Mutir\u00e3o de Atualiza\u00e7\u00e3o da Caderneta de Vacina\u00e7\u00e3o e Expedi\u00e7\u00e3o de DVA<br \/>\nData do Dia D: 8 de novembro de 2025<br \/>\nHor\u00e1rio: Das 8h \u00e0s 12h<br \/>\nLocal: Todas as UBSs de Tr\u00eas Lagoas<\/p>\n<p>A\u00e7\u00e3o do Aluno Imunizado: de 3 a 14 de novembro de 2025<\/p>\n","protected":false},"excerpt":{"rendered":"<p>A Prefeitura de Tr\u00eas Lagoas, por meio da Secretaria Municipal de Sa\u00fade (SMS), realizar\u00e1 a partir do dia 8 de novembro de 2025 o Mutir\u00e3o de Atualiza\u00e7\u00e3o da Caderneta de Vacina\u00e7\u00e3o e Expedi\u00e7\u00e3o da Declara\u00e7\u00e3o de Vacina Atualizada (DVA), documento obrigat\u00f3rio para a matr\u00edcula escolar do ano letivo de 2026. O mutir\u00e3o contar\u00e1 com o [&hellip;]<\/p>\n","protected":false},"author":5,"featured_media":39724,"comment_status":"open","ping_status":"open","sticky":false,"template":"","format":"standard","meta":{"om_disable_all_campaigns":false,"_monsterinsights_skip_tracking":false,"_monsterinsights_sitenote_active":false,"_monsterinsights_sitenote_note":"","_monsterinsights_sitenote_category":0,"footnotes":""},"categories":[30,266,193,44,48],"tags":[],"aioseo_notices":[],"_links":{"self":[{"href":"https:\/\/expressaoms.com.br\/index.php\/wp-json\/wp\/v2\/posts\/39723"}],"collection":[{"href":"https:\/\/expressaoms.com.br\/index.php\/wp-json\/wp\/v2\/posts"}],"about":[{"href":"https:\/\/expressaoms.com.br\/index.php\/wp-json\/wp\/v2\/types\/post"}],"author":[{"embeddable":true,"href":"https:\/\/expressaoms.com.br\/index.php\/wp-json\/wp\/v2\/users\/5"}],"replies":[{"embeddable":true,"href":"https:\/\/expressaoms.com.br\/index.php\/wp-json\/wp\/v2\/comments?post=39723"}],"version-history":[{"count":1,"href":"https:\/\/expressaoms.com.br\/index.php\/wp-json\/wp\/v2\/posts\/39723\/revisions"}],"predecessor-version":[{"id":39725,"href":"https:\/\/expressaoms.com.br\/index.php\/wp-json\/wp\/v2\/posts\/39723\/revisions\/39725"}],"wp:featuredmedia":[{"embeddable":true,"href":"https:\/\/expressaoms.com.br\/index.php\/wp-json\/wp\/v2\/media\/39724"}],"wp:attachment":[{"href":"https:\/\/expressaoms.com.br\/index.php\/wp-json\/wp\/v2\/media?parent=39723"}],"wp:term":[{"taxonomy":"category","embeddable":true,"href":"https:\/\/expressaoms.com.br\/index.php\/wp-json\/wp\/v2\/categories?post=39723"},{"taxonomy":"post_tag","embeddable":true,"href":"https:\/\/expressaoms.com.br\/index.php\/wp-json\/wp\/v2\/tags?post=39723"}],"curies":[{"name":"wp","href":"https:\/\/api.w.org\/{rel}","templated":true}]}}