{"id":39726,"date":"2025-10-24T15:23:55","date_gmt":"2025-10-24T19:23:55","guid":{"rendered":"https:\/\/expressaoms.com.br\/?p=39726"},"modified":"2025-10-24T11:25:19","modified_gmt":"2025-10-24T15:25:19","slug":"manutencao-predial-finaliza-revitalizacao-da-praca-da-vila-piloto-e-inicia-servicos-no-jardim-das-acacias","status":"publish","type":"post","link":"https:\/\/expressaoms.com.br\/index.php\/2025\/10\/24\/manutencao-predial-finaliza-revitalizacao-da-praca-da-vila-piloto-e-inicia-servicos-no-jardim-das-acacias\/","title":{"rendered":"Manuten\u00e7\u00e3o Predial finaliza revitaliza\u00e7\u00e3o da Pra\u00e7a da Vila Piloto e inicia servi\u00e7os no Jardim das Ac\u00e1cias"},"content":{"rendered":"<p>A Prefeitura de Tr\u00eas Lagoas, por meio da Secretaria Municipal de Infraestrutura, Transporte e Tr\u00e2nsito (SEINTRA), segue com o cronograma de revitaliza\u00e7\u00e3o de pra\u00e7as p\u00fablicas em diversos bairros do Munic\u00edpio. Recentemente, os servi\u00e7os foram conclu\u00eddos na Pra\u00e7a da Vila Piloto.<\/p>\n<p>A equipe de Manuten\u00e7\u00e3o Predial realizou uma s\u00e9rie de melhorias no local, incluindo a reforma das cal\u00e7adas, aplica\u00e7\u00e3o de pedras, recupera\u00e7\u00e3o de meio-fio, pintura de estruturas e reparos nas partes de alvenaria. Al\u00e9m disso, os brinquedos do parquinho foram substitu\u00eddos, garantindo mais seguran\u00e7a e lazer para as crian\u00e7as.<\/p>\n<p>Com a conclus\u00e3o dos trabalhos na Vila Piloto, a equipe j\u00e1 iniciou as a\u00e7\u00f5es de revitaliza\u00e7\u00e3o na Pra\u00e7a do Jardim das Ac\u00e1cias.<\/p>\n","protected":false},"excerpt":{"rendered":"<p>A Prefeitura de Tr\u00eas Lagoas, por meio da Secretaria Municipal de Infraestrutura, Transporte e Tr\u00e2nsito (SEINTRA), segue com o cronograma de revitaliza\u00e7\u00e3o de pra\u00e7as p\u00fablicas em diversos bairros do Munic\u00edpio. Recentemente, os servi\u00e7os foram conclu\u00eddos na Pra\u00e7a da Vila Piloto. A equipe de Manuten\u00e7\u00e3o Predial realizou uma s\u00e9rie de melhorias no local, incluindo a reforma [&hellip;]<\/p>\n","protected":false},"author":5,"featured_media":39727,"comment_status":"open","ping_status":"open","sticky":false,"template":"","format":"standard","meta":{"om_disable_all_campaigns":false,"_monsterinsights_skip_tracking":false,"_monsterinsights_sitenote_active":false,"_monsterinsights_sitenote_note":"","_monsterinsights_sitenote_category":0,"footnotes":""},"categories":[30,266,193,48],"tags":[],"aioseo_notices":[],"_links":{"self":[{"href":"https:\/\/expressaoms.com.br\/index.php\/wp-json\/wp\/v2\/posts\/39726"}],"collection":[{"href":"https:\/\/expressaoms.com.br\/index.php\/wp-json\/wp\/v2\/posts"}],"about":[{"href":"https:\/\/expressaoms.com.br\/index.php\/wp-json\/wp\/v2\/types\/post"}],"author":[{"embeddable":true,"href":"https:\/\/expressaoms.com.br\/index.php\/wp-json\/wp\/v2\/users\/5"}],"replies":[{"embeddable":true,"href":"https:\/\/expressaoms.com.br\/index.php\/wp-json\/wp\/v2\/comments?post=39726"}],"version-history":[{"count":1,"href":"https:\/\/expressaoms.com.br\/index.php\/wp-json\/wp\/v2\/posts\/39726\/revisions"}],"predecessor-version":[{"id":39728,"href":"https:\/\/expressaoms.com.br\/index.php\/wp-json\/wp\/v2\/posts\/39726\/revisions\/39728"}],"wp:featuredmedia":[{"embeddable":true,"href":"https:\/\/expressaoms.com.br\/index.php\/wp-json\/wp\/v2\/media\/39727"}],"wp:attachment":[{"href":"https:\/\/expressaoms.com.br\/index.php\/wp-json\/wp\/v2\/media?parent=39726"}],"wp:term":[{"taxonomy":"category","embeddable":true,"href":"https:\/\/expressaoms.com.br\/index.php\/wp-json\/wp\/v2\/categories?post=39726"},{"taxonomy":"post_tag","embeddable":true,"href":"https:\/\/expressaoms.com.br\/index.php\/wp-json\/wp\/v2\/tags?post=39726"}],"curies":[{"name":"wp","href":"https:\/\/api.w.org\/{rel}","templated":true}]}}