{"id":39729,"date":"2025-10-24T16:36:08","date_gmt":"2025-10-24T20:36:08","guid":{"rendered":"https:\/\/expressaoms.com.br\/?p=39729"},"modified":"2025-10-24T13:37:29","modified_gmt":"2025-10-24T17:37:29","slug":"financas-realiza-panfletagem-sobre-o-refis-2025-na-feira-central-neste-sabado-25","status":"publish","type":"post","link":"https:\/\/expressaoms.com.br\/index.php\/2025\/10\/24\/financas-realiza-panfletagem-sobre-o-refis-2025-na-feira-central-neste-sabado-25\/","title":{"rendered":"Finan\u00e7as realiza panfletagem sobre o REFIS 2025 na Feira Central neste s\u00e1bado (25)"},"content":{"rendered":"<p>Neste s\u00e1bado, 25 de outubro, a Prefeitura de Tr\u00eas Lagoas, por meio da Secretaria Municipal de Finan\u00e7as, Receita e Controle (SEFIRC), realiza uma a\u00e7\u00e3o de panfletagem na Feira Central, a partir das 9h, para informar a popula\u00e7\u00e3o sobre o REFIS 2025.<\/p>\n<p>A iniciativa tem como objetivo orientar os contribuintes sobre as condi\u00e7\u00f5es do programa de regulariza\u00e7\u00e3o fiscal, que oferece descontos de at\u00e9 100% em multas e juros (para ades\u00f5es at\u00e9 o final de outubro) aos que regularizarem seus d\u00e9bitos municipais at\u00e9 janeiro de 2026.<\/p>\n<p>Durante a panfletagem, servidores da SEFIRC estar\u00e3o \u00e0 disposi\u00e7\u00e3o para esclarecer d\u00favidas sobre o programa, que contempla tributos como IPTU, ISSQN e multas diversas.<\/p>\n<p>Para mais informa\u00e7\u00f5es, confira a mat\u00e9ria completa\u00a0<strong><a href=\"https:\/\/www.treslagoas.ms.gov.br\/divida-zero-refis-2025-lancado-pela-prefeitura-de-tl-garante-100-de-desconto-no-primeiro-mes\/\" data-type=\"link\" data-id=\"https:\/\/www.treslagoas.ms.gov.br\/divida-zero-refis-2025-lancado-pela-prefeitura-de-tl-garante-100-de-desconto-no-primeiro-mes\/\">CLICANDO AQUI.<\/a><\/strong><\/p>\n<p>Servi\u00e7o:<br \/>\nData: 25 de outubro<br \/>\nHor\u00e1rio: a partir das 9h<br \/>\nLocal: Feira Central de Tr\u00eas Lagoas<\/p>\n","protected":false},"excerpt":{"rendered":"<p>Neste s\u00e1bado, 25 de outubro, a Prefeitura de Tr\u00eas Lagoas, por meio da Secretaria Municipal de Finan\u00e7as, Receita e Controle (SEFIRC), realiza uma a\u00e7\u00e3o de panfletagem na Feira Central, a partir das 9h, para informar a popula\u00e7\u00e3o sobre o REFIS 2025. A iniciativa tem como objetivo orientar os contribuintes sobre as condi\u00e7\u00f5es do programa de [&hellip;]<\/p>\n","protected":false},"author":5,"featured_media":39730,"comment_status":"open","ping_status":"open","sticky":false,"template":"","format":"standard","meta":{"om_disable_all_campaigns":false,"_monsterinsights_skip_tracking":false,"_monsterinsights_sitenote_active":false,"_monsterinsights_sitenote_note":"","_monsterinsights_sitenote_category":0,"footnotes":""},"categories":[266,193,48],"tags":[],"aioseo_notices":[],"_links":{"self":[{"href":"https:\/\/expressaoms.com.br\/index.php\/wp-json\/wp\/v2\/posts\/39729"}],"collection":[{"href":"https:\/\/expressaoms.com.br\/index.php\/wp-json\/wp\/v2\/posts"}],"about":[{"href":"https:\/\/expressaoms.com.br\/index.php\/wp-json\/wp\/v2\/types\/post"}],"author":[{"embeddable":true,"href":"https:\/\/expressaoms.com.br\/index.php\/wp-json\/wp\/v2\/users\/5"}],"replies":[{"embeddable":true,"href":"https:\/\/expressaoms.com.br\/index.php\/wp-json\/wp\/v2\/comments?post=39729"}],"version-history":[{"count":1,"href":"https:\/\/expressaoms.com.br\/index.php\/wp-json\/wp\/v2\/posts\/39729\/revisions"}],"predecessor-version":[{"id":39731,"href":"https:\/\/expressaoms.com.br\/index.php\/wp-json\/wp\/v2\/posts\/39729\/revisions\/39731"}],"wp:featuredmedia":[{"embeddable":true,"href":"https:\/\/expressaoms.com.br\/index.php\/wp-json\/wp\/v2\/media\/39730"}],"wp:attachment":[{"href":"https:\/\/expressaoms.com.br\/index.php\/wp-json\/wp\/v2\/media?parent=39729"}],"wp:term":[{"taxonomy":"category","embeddable":true,"href":"https:\/\/expressaoms.com.br\/index.php\/wp-json\/wp\/v2\/categories?post=39729"},{"taxonomy":"post_tag","embeddable":true,"href":"https:\/\/expressaoms.com.br\/index.php\/wp-json\/wp\/v2\/tags?post=39729"}],"curies":[{"name":"wp","href":"https:\/\/api.w.org\/{rel}","templated":true}]}}