{"id":39733,"date":"2025-10-24T15:47:51","date_gmt":"2025-10-24T19:47:51","guid":{"rendered":"https:\/\/expressaoms.com.br\/?p=39733"},"modified":"2025-10-24T15:47:51","modified_gmt":"2025-10-24T19:47:51","slug":"veja-o-que-abre-e-o-que-fecha-na-prefeitura-de-tl-nesta-segunda-feira-27-devido-ao-feriado-do-dia-do-servidor-publico","status":"publish","type":"post","link":"https:\/\/expressaoms.com.br\/index.php\/2025\/10\/24\/veja-o-que-abre-e-o-que-fecha-na-prefeitura-de-tl-nesta-segunda-feira-27-devido-ao-feriado-do-dia-do-servidor-publico\/","title":{"rendered":"Veja o que abre e o que fecha na Prefeitura de TL nesta segunda-feira (27) devido ao feriado do Dia do Servidor P\u00fablico"},"content":{"rendered":"<p>A Administra\u00e7\u00e3o Municipal informa que o feriado do Dia do Servidor, comemorado em 28 de outubro, ser\u00e1 migrado para a pr\u00f3xima segunda-feira, 27 de outubro, e por isso diversos setores p\u00fablicos estar\u00e3o fechados (na segunda-feira), voltando ao expediente normal na ter\u00e7a-feira, 28 de outubro, \u00e0s 7h.<\/p>\n<p>Desta forma, a Prefeitura de Tr\u00eas Lagoas informa quais s\u00e3o os setores que estar\u00e3o fechados e quais funcionar\u00e3o neste per\u00edodo.<\/p>\n<p>O QUE ABRE E O QUE FECHA?<\/p>\n<p>N\u00e3o haver\u00e1 expediente nas secretarias municipais na segunda-feira, 27 de outubro, durante todo o dia, bem como nos departamentos de atendimento ao p\u00fablico, CRAS, CREAS, Procon, Tributa\u00e7\u00e3o e Tr\u00e2nsito. Voltando aos atendimentos no dia 28 de outubro, ter\u00e7a-feira.<\/p>\n<p>SA\u00daDE<\/p>\n<p>Todas as unidades de sa\u00fade estar\u00e3o fechadas, exceto as urg\u00eancias e emerg\u00eancias<\/p>\n<p>URG\u00caNCIA E EMERG\u00caNCIA \u2013 Os servi\u00e7os de urg\u00eancia e emerg\u00eancia (SAMU, Bombeiros, UPA e Hospitais), funcionam normalmente.<\/p>\n<p>ASSIST\u00caNCIA SOCIAL<\/p>\n<p>A Secretaria de Assist\u00eancia Social (SMAS), ir\u00e1 ser adaptado o sistema para sistema de plant\u00e3o. Caso tenham alguma d\u00favida entrem contato pelo WhatsApp: (67) 99274-4942.<\/p>\n<p>MEIO AMBIENTE<\/p>\n<p>O servi\u00e7o de coleta de animais mortos funciona normalmente.<\/p>\n<p>O Burac\u00e3o do Jupi\u00e1 funcionar\u00e1 normalmente. J\u00e1 o Ecoponto de Pneus para na sexta, 25 de outubro, e volta junto com os demais servi\u00e7os p\u00fablicos na ter\u00e7a-feira (28).<\/p>\n<p>A Coleta de Lixo, por sua vez, n\u00e3o vai parar de operar, ou seja, segue com o cronograma inalterado em todos os bairros.<\/p>\n<p>INFRAESTRUTURA E TR\u00c2NSITO<\/p>\n<p>Equipes do Departamento de Servi\u00e7os P\u00fablicos (DSP) e da Diretoria Municipal de Tr\u00e2nsito estar\u00e3o em escala de plant\u00e3o nos servi\u00e7os de obras e reparos. Com isso, caso a popula\u00e7\u00e3o precise de apoio do DSP basta enviar mensagem de texto para o Whatsapp (67) 9217-9946.<\/p>\n<p>O Transporte coletivo continua funcionando normalmente.<\/p>\n<p>EDUCA\u00c7\u00c3O<\/p>\n<p>A Secretaria Municipal de Educa\u00e7\u00e3o e Cultura (SEMEC) estar\u00e1 com suas atividades suspensas na sexta-feira, dia 25 de outubro, retornando o atendimento ao p\u00fablico no dia 28 de outubro, ter\u00e7a-feira.<\/p>\n<p>ESPORTE<\/p>\n<p>As quadras e campos estar\u00e3o fechados.<\/p>\n<p>FEIRA CENTRAL TUR\u00cdSTICA<\/p>\n<p>A Feira Central Tur\u00edstica funcionar\u00e1 normalmente, conforme os hor\u00e1rios seguidos diariamente.<\/p>\n","protected":false},"excerpt":{"rendered":"<p>A Administra\u00e7\u00e3o Municipal informa que o feriado do Dia do Servidor, comemorado em 28 de outubro, ser\u00e1 migrado para a pr\u00f3xima segunda-feira, 27 de outubro, e por isso diversos setores p\u00fablicos estar\u00e3o fechados (na segunda-feira), voltando ao expediente normal na ter\u00e7a-feira, 28 de outubro, \u00e0s 7h. Desta forma, a Prefeitura de Tr\u00eas Lagoas informa quais [&hellip;]<\/p>\n","protected":false},"author":5,"featured_media":39734,"comment_status":"open","ping_status":"open","sticky":false,"template":"","format":"standard","meta":{"om_disable_all_campaigns":false,"_monsterinsights_skip_tracking":false,"_monsterinsights_sitenote_active":false,"_monsterinsights_sitenote_note":"","_monsterinsights_sitenote_category":0,"footnotes":""},"categories":[30,266,193,48],"tags":[],"aioseo_notices":[],"_links":{"self":[{"href":"https:\/\/expressaoms.com.br\/index.php\/wp-json\/wp\/v2\/posts\/39733"}],"collection":[{"href":"https:\/\/expressaoms.com.br\/index.php\/wp-json\/wp\/v2\/posts"}],"about":[{"href":"https:\/\/expressaoms.com.br\/index.php\/wp-json\/wp\/v2\/types\/post"}],"author":[{"embeddable":true,"href":"https:\/\/expressaoms.com.br\/index.php\/wp-json\/wp\/v2\/users\/5"}],"replies":[{"embeddable":true,"href":"https:\/\/expressaoms.com.br\/index.php\/wp-json\/wp\/v2\/comments?post=39733"}],"version-history":[{"count":1,"href":"https:\/\/expressaoms.com.br\/index.php\/wp-json\/wp\/v2\/posts\/39733\/revisions"}],"predecessor-version":[{"id":39735,"href":"https:\/\/expressaoms.com.br\/index.php\/wp-json\/wp\/v2\/posts\/39733\/revisions\/39735"}],"wp:featuredmedia":[{"embeddable":true,"href":"https:\/\/expressaoms.com.br\/index.php\/wp-json\/wp\/v2\/media\/39734"}],"wp:attachment":[{"href":"https:\/\/expressaoms.com.br\/index.php\/wp-json\/wp\/v2\/media?parent=39733"}],"wp:term":[{"taxonomy":"category","embeddable":true,"href":"https:\/\/expressaoms.com.br\/index.php\/wp-json\/wp\/v2\/categories?post=39733"},{"taxonomy":"post_tag","embeddable":true,"href":"https:\/\/expressaoms.com.br\/index.php\/wp-json\/wp\/v2\/tags?post=39733"}],"curies":[{"name":"wp","href":"https:\/\/api.w.org\/{rel}","templated":true}]}}