{"id":39739,"date":"2025-10-24T17:12:14","date_gmt":"2025-10-24T21:12:14","guid":{"rendered":"https:\/\/expressaoms.com.br\/?p=39739"},"modified":"2025-10-24T17:12:14","modified_gmt":"2025-10-24T21:12:14","slug":"tres-lagoas-tera-um-fim-de-semana-cheio-de-atracoes-culturais-com-opcoes-gratuitas-e-inclusivas","status":"publish","type":"post","link":"https:\/\/expressaoms.com.br\/index.php\/2025\/10\/24\/tres-lagoas-tera-um-fim-de-semana-cheio-de-atracoes-culturais-com-opcoes-gratuitas-e-inclusivas\/","title":{"rendered":"Tr\u00eas Lagoas ter\u00e1 um fim de semana cheio de atra\u00e7\u00f5es culturais com op\u00e7\u00f5es gratuitas e inclusivas"},"content":{"rendered":"<p><strong>Sexta-feira (24) \u2013 Cinema com Acessibilidade Total<\/strong><\/p>\n<p>Come\u00e7ando a programa\u00e7\u00e3o, sexta-feira \u00e9 dia de celebrar o talento local com a exibi\u00e7\u00e3o do curta-metragem \u201cPONTO FINAL\u201d. Realizado com incentivo da Lei Paulo Gustavo, o filme, que j\u00e1 ganhou pr\u00eamios no festival \u201cMT Queer Premia\u201d, ser\u00e1 exibido \u00e0s 19h, no Audit\u00f3rio da Diretoria de Cultura (Av. Ros\u00e1rio Congro). Com grande diferencial a acessibilidade ser\u00e1 completa: \u00c1udio Descri\u00e7\u00e3o (AD), LSE e LIBRAS simult\u00e2neos. O diretor Cadu Xavier e o ator Lucas Spirandeli estar\u00e3o presentes. A entrada \u00e9 gratuita, mas a classifica\u00e7\u00e3o \u00e9 de 16 anos, com prefer\u00eancia para Pessoas com Defici\u00eancia (PCDs).<\/p>\n<p><strong>S\u00e1bado (25) \u2013 Piratas Palha\u00e7os na Pra\u00e7a<\/strong><\/p>\n<p>J\u00e1 no s\u00e1bado, a divers\u00e3o toma conta da \u00e1rea central. O espet\u00e1culo circense \u201cNavegantes\u201d, do grupo paulista Ru\u00e9 La Companhia, acontecer\u00e1 na Pra\u00e7a Ramez Tebet \u00e0s 17h. Com classifica\u00e7\u00e3o livre, a pe\u00e7a de 50 minutos traz uma tripula\u00e7\u00e3o de palha\u00e7os piratas em busca de tesouros em ilhas fant\u00e1sticas. A apresenta\u00e7\u00e3o \u00e9 gratuita e tamb\u00e9m conta com acessibilidade em Libras e audiodescri\u00e7\u00e3o, como parte do programa Divers\u00e3o em Cena da Funda\u00e7\u00e3o ArcelorMittal.<\/p>\n","protected":false},"excerpt":{"rendered":"<p>Sexta-feira (24) \u2013 Cinema com Acessibilidade Total Come\u00e7ando a programa\u00e7\u00e3o, sexta-feira \u00e9 dia de celebrar o talento local com a exibi\u00e7\u00e3o do curta-metragem \u201cPONTO FINAL\u201d. Realizado com incentivo da Lei Paulo Gustavo, o filme, que j\u00e1 ganhou pr\u00eamios no festival \u201cMT Queer Premia\u201d, ser\u00e1 exibido \u00e0s 19h, no Audit\u00f3rio da Diretoria de Cultura (Av. Ros\u00e1rio [&hellip;]<\/p>\n","protected":false},"author":5,"featured_media":39740,"comment_status":"open","ping_status":"open","sticky":false,"template":"","format":"standard","meta":{"om_disable_all_campaigns":false,"_monsterinsights_skip_tracking":false,"_monsterinsights_sitenote_active":false,"_monsterinsights_sitenote_note":"","_monsterinsights_sitenote_category":0,"footnotes":""},"categories":[29,269,35,266,193,48],"tags":[],"aioseo_notices":[],"_links":{"self":[{"href":"https:\/\/expressaoms.com.br\/index.php\/wp-json\/wp\/v2\/posts\/39739"}],"collection":[{"href":"https:\/\/expressaoms.com.br\/index.php\/wp-json\/wp\/v2\/posts"}],"about":[{"href":"https:\/\/expressaoms.com.br\/index.php\/wp-json\/wp\/v2\/types\/post"}],"author":[{"embeddable":true,"href":"https:\/\/expressaoms.com.br\/index.php\/wp-json\/wp\/v2\/users\/5"}],"replies":[{"embeddable":true,"href":"https:\/\/expressaoms.com.br\/index.php\/wp-json\/wp\/v2\/comments?post=39739"}],"version-history":[{"count":1,"href":"https:\/\/expressaoms.com.br\/index.php\/wp-json\/wp\/v2\/posts\/39739\/revisions"}],"predecessor-version":[{"id":39741,"href":"https:\/\/expressaoms.com.br\/index.php\/wp-json\/wp\/v2\/posts\/39739\/revisions\/39741"}],"wp:featuredmedia":[{"embeddable":true,"href":"https:\/\/expressaoms.com.br\/index.php\/wp-json\/wp\/v2\/media\/39740"}],"wp:attachment":[{"href":"https:\/\/expressaoms.com.br\/index.php\/wp-json\/wp\/v2\/media?parent=39739"}],"wp:term":[{"taxonomy":"category","embeddable":true,"href":"https:\/\/expressaoms.com.br\/index.php\/wp-json\/wp\/v2\/categories?post=39739"},{"taxonomy":"post_tag","embeddable":true,"href":"https:\/\/expressaoms.com.br\/index.php\/wp-json\/wp\/v2\/tags?post=39739"}],"curies":[{"name":"wp","href":"https:\/\/api.w.org\/{rel}","templated":true}]}}