{"id":39898,"date":"2025-10-29T09:00:38","date_gmt":"2025-10-29T13:00:38","guid":{"rendered":"https:\/\/expressaoms.com.br\/?p=39898"},"modified":"2025-10-29T09:00:38","modified_gmt":"2025-10-29T13:00:38","slug":"cerimonia-do-dia-do-servidor-contou-com-entrega-de-diplomas-de-excelencia-no-servico-publico-a-15-funcionarios-municipais","status":"publish","type":"post","link":"https:\/\/expressaoms.com.br\/index.php\/2025\/10\/29\/cerimonia-do-dia-do-servidor-contou-com-entrega-de-diplomas-de-excelencia-no-servico-publico-a-15-funcionarios-municipais\/","title":{"rendered":"Cerim\u00f4nia do Dia do Servidor contou com entrega de diplomas de Excel\u00eancia no Servi\u00e7o P\u00fablico a 15 funcion\u00e1rios municipais"},"content":{"rendered":"<p class=\"ds-markdown-paragraph\">\u00a0Em uma noite marcada por emo\u00e7\u00e3o e reconhecimento, a C\u00e2mara Municipal de Tr\u00eas Lagoas realizou na \u00faltima quarta-feira (28) sess\u00e3o solene em homenagem ao Dia do Servidor, com a entrega do diploma Excel\u00eancia no Servi\u00e7o P\u00fablico a 15 servidores municipais. O evento, que lotou o plen\u00e1rio, foi presidido pelo vereador Tonh\u00e3o e contou com a presen\u00e7a do prefeito Dr. Cassiano Maia, que fez um an\u00fancio hist\u00f3rico para a categoria.<\/p>\n<p class=\"ds-markdown-paragraph\">A solenidade, que teve in\u00edcio com uma apresenta\u00e7\u00e3o musical da vereadora Sara Leite, homenageou servidores de diversas secretarias municipais, cada um indicado por um vereador. Entre os agraciados estavam Ana Maria Rodrigues Barbosa (indicada por Tonh\u00e3o), Darci Cunha de Almeida (Daniel da Farm\u00e1cia), Aparecida Luiza Vieira Ferreira (Davis Martineli) e outros 12 servidores que se destacaram em suas fun\u00e7\u00f5es.<\/p>\n<p class=\"ds-markdown-paragraph\">Ana Maria, Analista de Comunica\u00e7\u00e3o da C\u00e2mara, falou em nome de todos os homenageados: &#8220;Receber essa homenagem \u00e9 muita honra, tanto pelos 19 anos de atua\u00e7\u00e3o quanto por estar entre estes 15 homenageados&#8221;. A servidor acrescentou: &#8220;A gente veste a camisa para que a comunidade seja bem atendida, pois n\u00f3s somos a comunidade tamb\u00e9m&#8221;.<\/p>\n<p class=\"ds-markdown-paragraph\">O ponto alto da noite foi o an\u00fancio do prefeito Dr. Cassiano Maia, que assinou o Decreto n\u00ba 1467, reinstaurando a jornada de trabalho de 6 horas di\u00e1rias para os servidores municipais. A medida, que entra em vigor em 1\u00ba de janeiro de 2026, prev\u00ea a implementa\u00e7\u00e3o de jornada reduzida flex\u00edvel, mantendo 12 horas de atendimento ininterrupto \u00e0 popula\u00e7\u00e3o.<\/p>\n<p class=\"ds-markdown-paragraph\">&#8220;A Jornada Reduzida Flex\u00edvel de 6h para o servidor e 12h de atendimento ininterrupto para a popula\u00e7\u00e3o tem como objetivo &#8216;servidores mais eficientes e satisfeitos&#8217;, diminuindo o n\u00famero de atestados e absente\u00edsmo, e uma popula\u00e7\u00e3o melhor atendida&#8221;, explicou o prefeito.<\/p>\n<p class=\"ds-markdown-paragraph\">Cassiano Maia detalhou como funcionar\u00e1 o novo sistema: &#8220;Nos Centros de Educa\u00e7\u00e3o Infantil (CEIs), o atendimento ser\u00e1 das 6h30 \u00e0s 18h30, ininterruptamente. Em um setor hipot\u00e9tico com seis servidores, poderiam funcionar com dois servidores das 7h \u00e0s 13h; outros dois das 10h \u00e0s 16h; e os outros dois das 12h \u00e0s 18h&#8221;.<\/p>\n<p class=\"ds-markdown-paragraph\">As presidentes dos sindicatos comemoraram o an\u00fancio. Maria Diogo, do Sindicato dos Trabalhadores em Educa\u00e7\u00e3o (Sinted), relatou a import\u00e2ncia da mudan\u00e7a para os servidores, enquanto Luciana Bra\u00e7al, do Sindicato dos Servidores P\u00fablicos Municipais (SSPM), destacou que se trata de &#8220;um reconhecimento incr\u00edvel para os servidores&#8221;.<\/p>\n<p class=\"ds-markdown-paragraph\">O SSPM tamb\u00e9m foi homenageado na sess\u00e3o, recebendo uma Mo\u00e7\u00e3o de Congratula\u00e7\u00e3o pelos 35 anos de funda\u00e7\u00e3o. O sindicato, criado em 14 de fevereiro de 1990, tem uma hist\u00f3ria de lutas e conquistas em defesa dos servidores p\u00fablicos municipais.<\/p>\n","protected":false},"excerpt":{"rendered":"<p>\u00a0Em uma noite marcada por emo\u00e7\u00e3o e reconhecimento, a C\u00e2mara Municipal de Tr\u00eas Lagoas realizou na \u00faltima quarta-feira (28) sess\u00e3o solene em homenagem ao Dia do Servidor, com a entrega do diploma Excel\u00eancia no Servi\u00e7o P\u00fablico a 15 servidores municipais. O evento, que lotou o plen\u00e1rio, foi presidido pelo vereador Tonh\u00e3o e contou com a [&hellip;]<\/p>\n","protected":false},"author":5,"featured_media":39899,"comment_status":"open","ping_status":"open","sticky":false,"template":"","format":"standard","meta":{"om_disable_all_campaigns":false,"_monsterinsights_skip_tracking":false,"_monsterinsights_sitenote_active":false,"_monsterinsights_sitenote_note":"","_monsterinsights_sitenote_category":0,"footnotes":""},"categories":[30,266,42,193,48],"tags":[],"aioseo_notices":[],"_links":{"self":[{"href":"https:\/\/expressaoms.com.br\/index.php\/wp-json\/wp\/v2\/posts\/39898"}],"collection":[{"href":"https:\/\/expressaoms.com.br\/index.php\/wp-json\/wp\/v2\/posts"}],"about":[{"href":"https:\/\/expressaoms.com.br\/index.php\/wp-json\/wp\/v2\/types\/post"}],"author":[{"embeddable":true,"href":"https:\/\/expressaoms.com.br\/index.php\/wp-json\/wp\/v2\/users\/5"}],"replies":[{"embeddable":true,"href":"https:\/\/expressaoms.com.br\/index.php\/wp-json\/wp\/v2\/comments?post=39898"}],"version-history":[{"count":1,"href":"https:\/\/expressaoms.com.br\/index.php\/wp-json\/wp\/v2\/posts\/39898\/revisions"}],"predecessor-version":[{"id":39900,"href":"https:\/\/expressaoms.com.br\/index.php\/wp-json\/wp\/v2\/posts\/39898\/revisions\/39900"}],"wp:featuredmedia":[{"embeddable":true,"href":"https:\/\/expressaoms.com.br\/index.php\/wp-json\/wp\/v2\/media\/39899"}],"wp:attachment":[{"href":"https:\/\/expressaoms.com.br\/index.php\/wp-json\/wp\/v2\/media?parent=39898"}],"wp:term":[{"taxonomy":"category","embeddable":true,"href":"https:\/\/expressaoms.com.br\/index.php\/wp-json\/wp\/v2\/categories?post=39898"},{"taxonomy":"post_tag","embeddable":true,"href":"https:\/\/expressaoms.com.br\/index.php\/wp-json\/wp\/v2\/tags?post=39898"}],"curies":[{"name":"wp","href":"https:\/\/api.w.org\/{rel}","templated":true}]}}