{"id":39904,"date":"2025-10-29T09:52:39","date_gmt":"2025-10-29T13:52:39","guid":{"rendered":"https:\/\/expressaoms.com.br\/?p=39904"},"modified":"2025-10-29T09:52:39","modified_gmt":"2025-10-29T13:52:39","slug":"educacao-saude-e-estrada-riedel-impulsiona-obras-em-agenda-cheia-em-tres-lagoas","status":"publish","type":"post","link":"https:\/\/expressaoms.com.br\/index.php\/2025\/10\/29\/educacao-saude-e-estrada-riedel-impulsiona-obras-em-agenda-cheia-em-tres-lagoas\/","title":{"rendered":"Educa\u00e7\u00e3o, sa\u00fade e estrada: Riedel impulsiona obras em agenda cheia em Tr\u00eas Lagoas"},"content":{"rendered":"<p class=\"ds-markdown-paragraph\"><strong><em>Compromissos incluem infraestrutura rodovi\u00e1ria, educa\u00e7\u00e3o, sa\u00fade e habita\u00e7\u00e3o em diferentes regi\u00f5es da cidade<\/em><\/strong><\/p>\n<p>&nbsp;<\/p>\n<p class=\"ds-markdown-paragraph\">O governador de Mato Grosso do Sul, Eduardo Riedel (PP), realiza nesta quinta-feira (30) uma s\u00e9rie de compromissos em Tr\u00eas Lagoas, com entregas, lan\u00e7amentos e vistorias de obras que abrangem m\u00faltiplas \u00e1reas de atua\u00e7\u00e3o do Governo do Estado. A agenda reflete os investimentos e avan\u00e7os em infraestrutura, educa\u00e7\u00e3o, sa\u00fade e habita\u00e7\u00e3o no munic\u00edpio.<\/p>\n<p class=\"ds-markdown-paragraph\">A programa\u00e7\u00e3o tem in\u00edcio ao\u00a0meio-dia, no Sindicato Rural, com a\u00a0assinatura da ordem de in\u00edcio\u00a0para a obra de implanta\u00e7\u00e3o e pavimenta\u00e7\u00e3o asf\u00e1ltica da\u00a0rodovia MS-320. O trecho em quest\u00e3o conecta Tr\u00eas Lagoas a regi\u00f5es de relevante atividade produtiva, prometendo melhorar o escoamento da produ\u00e7\u00e3o e a seguran\u00e7a no tr\u00e1fego.<\/p>\n<p class=\"ds-markdown-paragraph\">\u00c0s\u00a014 horas, o governador participa da\u00a0entrega de obras em sete escolas estaduais. As unidades beneficiadas com reformas e amplia\u00e7\u00f5es s\u00e3o:<\/p>\n<ul>\n<li>\n<p class=\"ds-markdown-paragraph\">E.E. Professor Jo\u00e3o Magiano Pinto<\/p>\n<\/li>\n<li>\n<p class=\"ds-markdown-paragraph\">E.E. Fernando Corr\u00eaa<\/p>\n<\/li>\n<li>\n<p class=\"ds-markdown-paragraph\">E.E. Bom Jesus<\/p>\n<\/li>\n<li>\n<p class=\"ds-markdown-paragraph\">E.E. Dom Aquino Corr\u00eaa<\/p>\n<\/li>\n<li>\n<p class=\"ds-markdown-paragraph\">E.E. Afonso Pena<\/p>\n<\/li>\n<li>\n<p class=\"ds-markdown-paragraph\">E.E. Luiz Lopes de Carvalho<\/p>\n<\/li>\n<li>\n<p class=\"ds-markdown-paragraph\">E.E. Padre Jo\u00e3o Tomes<\/p>\n<\/li>\n<\/ul>\n<p class=\"ds-markdown-paragraph\">Esta \u00faltima receber\u00e1 ainda uma\u00a0quadra esportiva coberta com arquibancada. O evento ocorrer\u00e1 na Avenida Ant\u00f4nio Trajano, 1662, no Centro.<\/p>\n<p class=\"ds-markdown-paragraph\">J\u00e1 \u00e0s\u00a015 horas, Riedel entrega a\u00a0reforma da Unidade de Sa\u00fade da Fam\u00edlia do bairro Santo Andr\u00e9, localizada na Rua Cel. Augusto Corr\u00eaa da Costa, 284. A a\u00e7\u00e3o visa ampliar e qualificar o atendimento b\u00e1sico de sa\u00fade para a popula\u00e7\u00e3o local.<\/p>\n<p class=\"ds-markdown-paragraph\">No setor habitacional, \u00e0s\u00a016 horas, o governador acompanha a execu\u00e7\u00e3o das\u00a050 novas unidades habitacionais no Jardim das Violetas, na Rua Juracy Pereira Falco. Meia hora depois, \u00e0s\u00a016h30, supervisiona as obras de\u00a0pavimenta\u00e7\u00e3o asf\u00e1ltica e drenagem de \u00e1guas pluviais no Bairro Parque S\u00e3o Carlos (Lote II).<\/p>\n<p class=\"ds-markdown-paragraph\">A agenda refor\u00e7a a presen\u00e7a do Estado em Tr\u00eas Lagoas com a\u00e7\u00f5es estruturais que buscam melhorar a qualidade de vida da popula\u00e7\u00e3o e fomentar o desenvolvimento regional.<\/p>\n","protected":false},"excerpt":{"rendered":"<p>Compromissos incluem infraestrutura rodovi\u00e1ria, educa\u00e7\u00e3o, sa\u00fade e habita\u00e7\u00e3o em diferentes regi\u00f5es da cidade &nbsp; O governador de Mato Grosso do Sul, Eduardo Riedel (PP), realiza nesta quinta-feira (30) uma s\u00e9rie de compromissos em Tr\u00eas Lagoas, com entregas, lan\u00e7amentos e vistorias de obras que abrangem m\u00faltiplas \u00e1reas de atua\u00e7\u00e3o do Governo do Estado. A agenda reflete [&hellip;]<\/p>\n","protected":false},"author":5,"featured_media":39905,"comment_status":"open","ping_status":"open","sticky":false,"template":"","format":"standard","meta":{"om_disable_all_campaigns":false,"_monsterinsights_skip_tracking":false,"_monsterinsights_sitenote_active":false,"_monsterinsights_sitenote_note":"","_monsterinsights_sitenote_category":0,"footnotes":""},"categories":[30,36,266,193,48],"tags":[],"aioseo_notices":[],"_links":{"self":[{"href":"https:\/\/expressaoms.com.br\/index.php\/wp-json\/wp\/v2\/posts\/39904"}],"collection":[{"href":"https:\/\/expressaoms.com.br\/index.php\/wp-json\/wp\/v2\/posts"}],"about":[{"href":"https:\/\/expressaoms.com.br\/index.php\/wp-json\/wp\/v2\/types\/post"}],"author":[{"embeddable":true,"href":"https:\/\/expressaoms.com.br\/index.php\/wp-json\/wp\/v2\/users\/5"}],"replies":[{"embeddable":true,"href":"https:\/\/expressaoms.com.br\/index.php\/wp-json\/wp\/v2\/comments?post=39904"}],"version-history":[{"count":1,"href":"https:\/\/expressaoms.com.br\/index.php\/wp-json\/wp\/v2\/posts\/39904\/revisions"}],"predecessor-version":[{"id":39906,"href":"https:\/\/expressaoms.com.br\/index.php\/wp-json\/wp\/v2\/posts\/39904\/revisions\/39906"}],"wp:featuredmedia":[{"embeddable":true,"href":"https:\/\/expressaoms.com.br\/index.php\/wp-json\/wp\/v2\/media\/39905"}],"wp:attachment":[{"href":"https:\/\/expressaoms.com.br\/index.php\/wp-json\/wp\/v2\/media?parent=39904"}],"wp:term":[{"taxonomy":"category","embeddable":true,"href":"https:\/\/expressaoms.com.br\/index.php\/wp-json\/wp\/v2\/categories?post=39904"},{"taxonomy":"post_tag","embeddable":true,"href":"https:\/\/expressaoms.com.br\/index.php\/wp-json\/wp\/v2\/tags?post=39904"}],"curies":[{"name":"wp","href":"https:\/\/api.w.org\/{rel}","templated":true}]}}