{"id":39925,"date":"2025-10-29T13:59:42","date_gmt":"2025-10-29T17:59:42","guid":{"rendered":"https:\/\/expressaoms.com.br\/?p=39925"},"modified":"2025-10-29T14:00:50","modified_gmt":"2025-10-29T18:00:50","slug":"reuniao-nacional-forca-cancelamento-da-visita-do-governador-a-tres-lagoas","status":"publish","type":"post","link":"https:\/\/expressaoms.com.br\/index.php\/2025\/10\/29\/reuniao-nacional-forca-cancelamento-da-visita-do-governador-a-tres-lagoas\/","title":{"rendered":"Reuni\u00e3o nacional for\u00e7a cancelamento da visita do governador a Tr\u00eas Lagoas"},"content":{"rendered":"<p class=\"ds-markdown-paragraph\">A visita oficial do governador de Mato Grosso do Sul, Eduardo Riedel (PP), ao munic\u00edpio de Tr\u00eas Lagoas, marcada para esta quinta-feira (30), foi\u00a0cancelada devido a uma convoca\u00e7\u00e3o de emerg\u00eancia\u00a0que reunir\u00e1 todos os governadores do pa\u00eds. A informa\u00e7\u00e3o foi confirmada pela Assessoria de Comunica\u00e7\u00e3o do Governo do Estado na tarde desta quarta-feira (29).<\/p>\n<p class=\"ds-markdown-paragraph\">A extensa agenda, que inclu\u00eda o an\u00fancio de investimentos e a entrega de obras em setores como infraestrutura, educa\u00e7\u00e3o, sa\u00fade e habita\u00e7\u00e3o, ser\u00e1 integralmente\u00a0reagendada. Uma nova data para a realiza\u00e7\u00e3o dos eventos ser\u00e1 divulgada posteriormente.<\/p>\n<p class=\"ds-markdown-paragraph\">Entre os compromissos previstos estavam a assinatura da ordem de in\u00edcio das obras de pavimenta\u00e7\u00e3o asf\u00e1ltica da rodovia MS-320, a entrega de reformas e amplia\u00e7\u00f5es em\u00a0sete escolas estaduais\u00a0e a inaugura\u00e7\u00e3o da Unidade de Sa\u00fade da Fam\u00edlia do bairro Santo Andr\u00e9. A agenda tamb\u00e9m inclu\u00eda vistorias a 50 unidades habitacionais no Jardim das Violetas e a obras de pavimenta\u00e7\u00e3o no Bairro Parque S\u00e3o Carlos.<\/p>\n<h2 class=\"ds-markdown-paragraph\"><strong>Reuni\u00e3o nacional adia avan\u00e7os locais<\/strong><\/h2>\n<p class=\"ds-markdown-paragraph\">Em nota, o Governo do Estado informou que a convoca\u00e7\u00e3o urgente em n\u00edvel nacional impossibilitou a vinda do governador. A administra\u00e7\u00e3o estadual &#8220;reafirma seu compromisso com as a\u00e7\u00f5es estruturais em andamento&#8221; e lamenta &#8220;qualquer inconveniente que o cancelamento possa causar \u00e0 popula\u00e7\u00e3o de Tr\u00eas Lagoas&#8221;.<\/p>\n<p class=\"ds-markdown-paragraph\">O comunicado assegura que os projetos e obras mant\u00eam sua prioridade na gest\u00e3o estadual, e que a presen\u00e7a do governador para a formaliza\u00e7\u00e3o das entregas ser\u00e1 remarcada.<\/p>\n<p class=\"ds-markdown-paragraph\">A expectativa agora \u00e9 que a equipe de governo trabalhe no reagendamento, buscando uma nova data no calend\u00e1rio oficial de Riedel para concretizar os an\u00fancios e inaugura\u00e7\u00f5es que representam significativos investimentos para o desenvolvimento da regi\u00e3o.<\/p>\n","protected":false},"excerpt":{"rendered":"<p>A visita oficial do governador de Mato Grosso do Sul, Eduardo Riedel (PP), ao munic\u00edpio de Tr\u00eas Lagoas, marcada para esta quinta-feira (30), foi\u00a0cancelada devido a uma convoca\u00e7\u00e3o de emerg\u00eancia\u00a0que reunir\u00e1 todos os governadores do pa\u00eds. A informa\u00e7\u00e3o foi confirmada pela Assessoria de Comunica\u00e7\u00e3o do Governo do Estado na tarde desta quarta-feira (29). A extensa [&hellip;]<\/p>\n","protected":false},"author":5,"featured_media":39926,"comment_status":"open","ping_status":"open","sticky":false,"template":"","format":"standard","meta":{"om_disable_all_campaigns":false,"_monsterinsights_skip_tracking":false,"_monsterinsights_sitenote_active":false,"_monsterinsights_sitenote_note":"","_monsterinsights_sitenote_category":0,"footnotes":""},"categories":[30,36,266,193,48],"tags":[],"aioseo_notices":[],"_links":{"self":[{"href":"https:\/\/expressaoms.com.br\/index.php\/wp-json\/wp\/v2\/posts\/39925"}],"collection":[{"href":"https:\/\/expressaoms.com.br\/index.php\/wp-json\/wp\/v2\/posts"}],"about":[{"href":"https:\/\/expressaoms.com.br\/index.php\/wp-json\/wp\/v2\/types\/post"}],"author":[{"embeddable":true,"href":"https:\/\/expressaoms.com.br\/index.php\/wp-json\/wp\/v2\/users\/5"}],"replies":[{"embeddable":true,"href":"https:\/\/expressaoms.com.br\/index.php\/wp-json\/wp\/v2\/comments?post=39925"}],"version-history":[{"count":1,"href":"https:\/\/expressaoms.com.br\/index.php\/wp-json\/wp\/v2\/posts\/39925\/revisions"}],"predecessor-version":[{"id":39927,"href":"https:\/\/expressaoms.com.br\/index.php\/wp-json\/wp\/v2\/posts\/39925\/revisions\/39927"}],"wp:featuredmedia":[{"embeddable":true,"href":"https:\/\/expressaoms.com.br\/index.php\/wp-json\/wp\/v2\/media\/39926"}],"wp:attachment":[{"href":"https:\/\/expressaoms.com.br\/index.php\/wp-json\/wp\/v2\/media?parent=39925"}],"wp:term":[{"taxonomy":"category","embeddable":true,"href":"https:\/\/expressaoms.com.br\/index.php\/wp-json\/wp\/v2\/categories?post=39925"},{"taxonomy":"post_tag","embeddable":true,"href":"https:\/\/expressaoms.com.br\/index.php\/wp-json\/wp\/v2\/tags?post=39925"}],"curies":[{"name":"wp","href":"https:\/\/api.w.org\/{rel}","templated":true}]}}