{"id":40046,"date":"2025-11-03T09:05:10","date_gmt":"2025-11-03T13:05:10","guid":{"rendered":"https:\/\/expressaoms.com.br\/?p=40046"},"modified":"2025-11-03T09:09:04","modified_gmt":"2025-11-03T13:09:04","slug":"brasilandia-sanciona-lei-do-servico-familia-acolhedora-apos-recomendacao-do-mpms","status":"publish","type":"post","link":"https:\/\/expressaoms.com.br\/index.php\/2025\/11\/03\/brasilandia-sanciona-lei-do-servico-familia-acolhedora-apos-recomendacao-do-mpms\/","title":{"rendered":"Brasil\u00e2ndia sanciona Lei do Servi\u00e7o Fam\u00edlia Acolhedora ap\u00f3s recomenda\u00e7\u00e3o do MPMS"},"content":{"rendered":"<p class=\"ds-markdown-paragraph\"><strong><em>Programa oferece aux\u00edlio financeiro e isen\u00e7\u00e3o de IPTU a fam\u00edlias que acolherem crian\u00e7as e adolescentes afastados do conv\u00edvio familiar por medida de prote\u00e7\u00e3o<\/em><\/strong><\/p>\n<p>&nbsp;<\/p>\n<p class=\"ds-markdown-paragraph\">\u00a0O Munic\u00edpio de Brasil\u00e2ndia sancionou a Lei Municipal n\u00ba 3.221\/2025, que institui o Servi\u00e7o Fam\u00edlia Acolhedora, atendendo \u00e0 Recomenda\u00e7\u00e3o expedida pelo Minist\u00e9rio P\u00fablico de Mato Grosso do Sul (MPMS) em janeiro deste ano. A medida, prevista no Estatuto da Crian\u00e7a e do Adolescente (ECA), substitui o acolhimento institucional por lares tempor\u00e1rios, garantindo um ambiente familiar e afetivo a crian\u00e7as e adolescentes em situa\u00e7\u00e3o de risco.<\/p>\n<p class=\"ds-markdown-paragraph\">De acordo com o Promotor de Justi\u00e7a\u00a0Adriano Barrozo da Silva, a san\u00e7\u00e3o da lei representa um avan\u00e7o significativo na defesa dos direitos de crian\u00e7as e adolescentes. &#8220;A institui\u00e7\u00e3o da lei reflete a atua\u00e7\u00e3o resolutiva do Minist\u00e9rio P\u00fablico de Mato Grosso do Sul no enfrentamento \u00e0 viola\u00e7\u00e3o de direitos e no fortalecimento da rede de prote\u00e7\u00e3o. Ainda estamos analisando o cumprimento integral dos demais itens recomendados, mas o avan\u00e7o \u00e9 significativo&#8221;, afirmou.<\/p>\n<p class=\"ds-markdown-paragraph\">O Servi\u00e7o Fam\u00edlia Acolhedora permitir\u00e1 que crian\u00e7as e adolescentes afastados judicialmente de seus respons\u00e1veis por situa\u00e7\u00e3o de risco sejam acolhidos temporariamente por fam\u00edlias inscritas e capacitadas pelo munic\u00edpio. O programa ser\u00e1 executado pelo Centro de Refer\u00eancia Especializado de Assist\u00eancia Social (CREAS), com o objetivo de oferecer cuidado em ambiente familiar at\u00e9 que seja poss\u00edvel o retorno ao lar de origem ou a inser\u00e7\u00e3o definitiva em fam\u00edlia substituta.<\/p>\n<p class=\"ds-markdown-paragraph\"><strong>Incentivos para participa\u00e7\u00e3o<\/strong><br \/>\nPara incentivar a ades\u00e3o ao programa, a lei prev\u00ea:<\/p>\n<ul>\n<li>\n<p class=\"ds-markdown-paragraph\">Aux\u00edlio mensal de R$ 300,00 para at\u00e9 10 fam\u00edlias previamente habilitadas, mesmo sem acolhimento ativo;<\/p>\n<\/li>\n<li>\n<p class=\"ds-markdown-paragraph\">Subs\u00eddio adicional de um sal\u00e1rio m\u00ednimo por crian\u00e7a acolhida;<\/p>\n<\/li>\n<li>\n<p class=\"ds-markdown-paragraph\">Valor de 1,5 sal\u00e1rio m\u00ednimo em casos de crian\u00e7as com necessidades especiais;<\/p>\n<\/li>\n<li>\n<p class=\"ds-markdown-paragraph\">Isen\u00e7\u00e3o do IPTU durante o per\u00edodo de participa\u00e7\u00e3o no servi\u00e7o.<\/p>\n<\/li>\n<\/ul>\n<p class=\"ds-markdown-paragraph\"><strong>Crit\u00e9rios para as fam\u00edlias<\/strong><br \/>\nAs fam\u00edlias interessadas em participar devem:<\/p>\n<ul>\n<li>\n<p class=\"ds-markdown-paragraph\">Ser avaliadas previamente por equipe t\u00e9cnica;<\/p>\n<\/li>\n<li>\n<p class=\"ds-markdown-paragraph\">Atender a todos os requisitos legais;<\/p>\n<\/li>\n<li>\n<p class=\"ds-markdown-paragraph\">Possuir moradia adequada;<\/p>\n<\/li>\n<li>\n<p class=\"ds-markdown-paragraph\">Garantir ambiente protegido e afetuoso;<\/p>\n<\/li>\n<li>\n<p class=\"ds-markdown-paragraph\">Acolher apenas uma crian\u00e7a por vez, exceto em casos de grupos de irm\u00e3os.<\/p>\n<\/li>\n<\/ul>\n<p class=\"ds-markdown-paragraph\">O MPMS continua monitorando o cumprimento integral da Recomenda\u00e7\u00e3o, que inclui outras medidas para aprimorar a pol\u00edtica municipal de acolhimento. Caso sejam identificadas irregularidades, novas provid\u00eancias poder\u00e3o ser adotadas para assegurar a implanta\u00e7\u00e3o do programa conforme os par\u00e2metros legais e de prote\u00e7\u00e3o integral estabelecidos pelo ECA.<\/p>\n<p class=\"ds-markdown-paragraph\">A implementa\u00e7\u00e3o do Servi\u00e7o Fam\u00edlia Acolhedora em Brasil\u00e2ndia representa um passo importante na consolida\u00e7\u00e3o de pol\u00edticas p\u00fablicas que priorizam o conv\u00edvio familiar e comunit\u00e1rio como base para o desenvolvimento saud\u00e1vel de crian\u00e7as e adolescentes.<\/p>\n","protected":false},"excerpt":{"rendered":"<p>Programa oferece aux\u00edlio financeiro e isen\u00e7\u00e3o de IPTU a fam\u00edlias que acolherem crian\u00e7as e adolescentes afastados do conv\u00edvio familiar por medida de prote\u00e7\u00e3o &nbsp; \u00a0O Munic\u00edpio de Brasil\u00e2ndia sancionou a Lei Municipal n\u00ba 3.221\/2025, que institui o Servi\u00e7o Fam\u00edlia Acolhedora, atendendo \u00e0 Recomenda\u00e7\u00e3o expedida pelo Minist\u00e9rio P\u00fablico de Mato Grosso do Sul (MPMS) em janeiro [&hellip;]<\/p>\n","protected":false},"author":5,"featured_media":40047,"comment_status":"open","ping_status":"open","sticky":false,"template":"","format":"standard","meta":{"om_disable_all_campaigns":false,"_monsterinsights_skip_tracking":false,"_monsterinsights_sitenote_active":false,"_monsterinsights_sitenote_note":"","_monsterinsights_sitenote_category":0,"footnotes":""},"categories":[26,30,36,266,193],"tags":[],"aioseo_notices":[],"_links":{"self":[{"href":"https:\/\/expressaoms.com.br\/index.php\/wp-json\/wp\/v2\/posts\/40046"}],"collection":[{"href":"https:\/\/expressaoms.com.br\/index.php\/wp-json\/wp\/v2\/posts"}],"about":[{"href":"https:\/\/expressaoms.com.br\/index.php\/wp-json\/wp\/v2\/types\/post"}],"author":[{"embeddable":true,"href":"https:\/\/expressaoms.com.br\/index.php\/wp-json\/wp\/v2\/users\/5"}],"replies":[{"embeddable":true,"href":"https:\/\/expressaoms.com.br\/index.php\/wp-json\/wp\/v2\/comments?post=40046"}],"version-history":[{"count":1,"href":"https:\/\/expressaoms.com.br\/index.php\/wp-json\/wp\/v2\/posts\/40046\/revisions"}],"predecessor-version":[{"id":40048,"href":"https:\/\/expressaoms.com.br\/index.php\/wp-json\/wp\/v2\/posts\/40046\/revisions\/40048"}],"wp:featuredmedia":[{"embeddable":true,"href":"https:\/\/expressaoms.com.br\/index.php\/wp-json\/wp\/v2\/media\/40047"}],"wp:attachment":[{"href":"https:\/\/expressaoms.com.br\/index.php\/wp-json\/wp\/v2\/media?parent=40046"}],"wp:term":[{"taxonomy":"category","embeddable":true,"href":"https:\/\/expressaoms.com.br\/index.php\/wp-json\/wp\/v2\/categories?post=40046"},{"taxonomy":"post_tag","embeddable":true,"href":"https:\/\/expressaoms.com.br\/index.php\/wp-json\/wp\/v2\/tags?post=40046"}],"curies":[{"name":"wp","href":"https:\/\/api.w.org\/{rel}","templated":true}]}}