{"id":40067,"date":"2025-11-03T13:12:06","date_gmt":"2025-11-03T17:12:06","guid":{"rendered":"https:\/\/expressaoms.com.br\/?p=40067"},"modified":"2025-11-03T10:17:23","modified_gmt":"2025-11-03T14:17:23","slug":"semaforo-no-cruzamento-da-av-rosario-congro-e-rua-oscar-guimaraes-inicia-operacao-amanha-04","status":"publish","type":"post","link":"https:\/\/expressaoms.com.br\/index.php\/2025\/11\/03\/semaforo-no-cruzamento-da-av-rosario-congro-e-rua-oscar-guimaraes-inicia-operacao-amanha-04\/","title":{"rendered":"Sem\u00e1foro no cruzamento da Av. Ros\u00e1rio Congro e Rua Oscar Guimar\u00e3es inicia opera\u00e7\u00e3o amanh\u00e3 (04)"},"content":{"rendered":"<p>A partir de amanh\u00e3, ter\u00e7a-feira, 4 de novembro, o sem\u00e1foro rec\u00e9m-instalado no cruzamento da Avenida Ros\u00e1rio Congro com a Rua Oscar Guimar\u00e3es, na \u00e1rea central, come\u00e7ar\u00e1 a funcionar. A informa\u00e7\u00e3o \u00e9 da Prefeitura Municipal de Tr\u00eas Lagoas, por meio do Departamento Municipal de Tr\u00e2nsito (Deptran), vinculado \u00e0 Secretaria Municipal de Infraestrutura, Transporte e Tr\u00e2nsito (SEINTRA).<\/p>\n<p>\u201cA instala\u00e7\u00e3o do sem\u00e1foro foi necess\u00e1ria, pois neste cruzamento tem acontecido acidentes frequentemente\u201d, afirmou Jos\u00e9 Aparecido Moraes, diretor de Tr\u00e2nsito da SEINTRA.<\/p>\n<p>A Prefeitura orienta a popula\u00e7\u00e3o a ficar atenta \u00e0 nova sinaliza\u00e7\u00e3o e aos per\u00edodos de funcionamento do sem\u00e1foro, contribuindo para um tr\u00e2nsito mais seguro e organizado para motoristas e pedestres da regi\u00e3o.<\/p>\n","protected":false},"excerpt":{"rendered":"<p>A partir de amanh\u00e3, ter\u00e7a-feira, 4 de novembro, o sem\u00e1foro rec\u00e9m-instalado no cruzamento da Avenida Ros\u00e1rio Congro com a Rua Oscar Guimar\u00e3es, na \u00e1rea central, come\u00e7ar\u00e1 a funcionar. A informa\u00e7\u00e3o \u00e9 da Prefeitura Municipal de Tr\u00eas Lagoas, por meio do Departamento Municipal de Tr\u00e2nsito (Deptran), vinculado \u00e0 Secretaria Municipal de Infraestrutura, Transporte e Tr\u00e2nsito (SEINTRA). [&hellip;]<\/p>\n","protected":false},"author":5,"featured_media":40068,"comment_status":"open","ping_status":"open","sticky":false,"template":"","format":"standard","meta":{"om_disable_all_campaigns":false,"_monsterinsights_skip_tracking":false,"_monsterinsights_sitenote_active":false,"_monsterinsights_sitenote_note":"","_monsterinsights_sitenote_category":0,"footnotes":""},"categories":[30,36,266,193,48],"tags":[],"aioseo_notices":[],"_links":{"self":[{"href":"https:\/\/expressaoms.com.br\/index.php\/wp-json\/wp\/v2\/posts\/40067"}],"collection":[{"href":"https:\/\/expressaoms.com.br\/index.php\/wp-json\/wp\/v2\/posts"}],"about":[{"href":"https:\/\/expressaoms.com.br\/index.php\/wp-json\/wp\/v2\/types\/post"}],"author":[{"embeddable":true,"href":"https:\/\/expressaoms.com.br\/index.php\/wp-json\/wp\/v2\/users\/5"}],"replies":[{"embeddable":true,"href":"https:\/\/expressaoms.com.br\/index.php\/wp-json\/wp\/v2\/comments?post=40067"}],"version-history":[{"count":1,"href":"https:\/\/expressaoms.com.br\/index.php\/wp-json\/wp\/v2\/posts\/40067\/revisions"}],"predecessor-version":[{"id":40069,"href":"https:\/\/expressaoms.com.br\/index.php\/wp-json\/wp\/v2\/posts\/40067\/revisions\/40069"}],"wp:featuredmedia":[{"embeddable":true,"href":"https:\/\/expressaoms.com.br\/index.php\/wp-json\/wp\/v2\/media\/40068"}],"wp:attachment":[{"href":"https:\/\/expressaoms.com.br\/index.php\/wp-json\/wp\/v2\/media?parent=40067"}],"wp:term":[{"taxonomy":"category","embeddable":true,"href":"https:\/\/expressaoms.com.br\/index.php\/wp-json\/wp\/v2\/categories?post=40067"},{"taxonomy":"post_tag","embeddable":true,"href":"https:\/\/expressaoms.com.br\/index.php\/wp-json\/wp\/v2\/tags?post=40067"}],"curies":[{"name":"wp","href":"https:\/\/api.w.org\/{rel}","templated":true}]}}