{"id":40088,"date":"2025-11-03T16:25:25","date_gmt":"2025-11-03T20:25:25","guid":{"rendered":"https:\/\/expressaoms.com.br\/?p=40088"},"modified":"2025-11-03T16:25:25","modified_gmt":"2025-11-03T20:25:25","slug":"prefeitura-de-tres-lagoas-da-posse-a-novos-servidores-aprovados-em-concurso-publico","status":"publish","type":"post","link":"https:\/\/expressaoms.com.br\/index.php\/2025\/11\/03\/prefeitura-de-tres-lagoas-da-posse-a-novos-servidores-aprovados-em-concurso-publico\/","title":{"rendered":"Prefeitura de Tr\u00eas Lagoas d\u00e1 posse a novos servidores aprovados em concurso p\u00fablico"},"content":{"rendered":"<p>A Prefeitura de Tr\u00eas Lagoas, por meio da Secretaria Municipal de Administra\u00e7\u00e3o (SEMAD), realizou nesta segunda-feira, 03 de novembro, a cerim\u00f4nia de posse de servidores aprovados no concurso p\u00fablico n\u00ba 001\/2021. Ao todo, foram empossados sete profissionais: tr\u00eas T\u00e9cnicos Administrativos, tr\u00eas Cirurgi\u00f5es-Dentistas e um Agente Comunit\u00e1rio de Sa\u00fade.<\/p>\n<p>A solenidade aconteceu no gabinete do prefeito Dr. Cassiano Maia e contou com a presen\u00e7a do secret\u00e1rio municipal de Administra\u00e7\u00e3o, Jardel Mattos; da diretora geral de Sa\u00fade (SMS), Jamila de Lima Gomes Chiarini; da presidente do SSPM, Luciana Regina Bra\u00e7al; e do vereador M\u00e1rio Grespan.<\/p>\n<p>Durante o evento, o secret\u00e1rio de Administra\u00e7\u00e3o, Jardel Mattos, deu as boas-vindas aos novos servidores e destacou o compromisso da gest\u00e3o com o fortalecimento da equipe municipal. \u201cN\u00f3s depositamos em voc\u00eas uma expectativa muito grande para que consigamos continuar construindo uma Tr\u00eas Lagoas cada dia melhor\u201d, afirmou.<\/p>\n<p>Ao finalizar a cerim\u00f4nia, o prefeito Dr. Cassiano Maia tamb\u00e9m refor\u00e7ou a import\u00e2ncia do servi\u00e7o p\u00fablico e da dedica\u00e7\u00e3o dos novos profissionais. \u201cEu considero a carreira do servidor p\u00fablico um patrim\u00f4nio \u2014 de voc\u00eas e das fam\u00edlias. \u00c9 uma hist\u00f3ria a ser constru\u00edda, n\u00e3o s\u00f3 pelo lado pessoal, mas pelo que voc\u00eas podem fazer pela cidade. Com certeza ter\u00e3o muito amor, dedica\u00e7\u00e3o e, com isso, vamos crescendo juntos\u201d, declarou.<\/p>\n","protected":false},"excerpt":{"rendered":"<p>A Prefeitura de Tr\u00eas Lagoas, por meio da Secretaria Municipal de Administra\u00e7\u00e3o (SEMAD), realizou nesta segunda-feira, 03 de novembro, a cerim\u00f4nia de posse de servidores aprovados no concurso p\u00fablico n\u00ba 001\/2021. Ao todo, foram empossados sete profissionais: tr\u00eas T\u00e9cnicos Administrativos, tr\u00eas Cirurgi\u00f5es-Dentistas e um Agente Comunit\u00e1rio de Sa\u00fade. A solenidade aconteceu no gabinete do prefeito [&hellip;]<\/p>\n","protected":false},"author":5,"featured_media":40089,"comment_status":"open","ping_status":"open","sticky":false,"template":"","format":"standard","meta":{"om_disable_all_campaigns":false,"_monsterinsights_skip_tracking":false,"_monsterinsights_sitenote_active":false,"_monsterinsights_sitenote_note":"","_monsterinsights_sitenote_category":0,"footnotes":""},"categories":[30,36,266,193,48],"tags":[],"aioseo_notices":[],"_links":{"self":[{"href":"https:\/\/expressaoms.com.br\/index.php\/wp-json\/wp\/v2\/posts\/40088"}],"collection":[{"href":"https:\/\/expressaoms.com.br\/index.php\/wp-json\/wp\/v2\/posts"}],"about":[{"href":"https:\/\/expressaoms.com.br\/index.php\/wp-json\/wp\/v2\/types\/post"}],"author":[{"embeddable":true,"href":"https:\/\/expressaoms.com.br\/index.php\/wp-json\/wp\/v2\/users\/5"}],"replies":[{"embeddable":true,"href":"https:\/\/expressaoms.com.br\/index.php\/wp-json\/wp\/v2\/comments?post=40088"}],"version-history":[{"count":1,"href":"https:\/\/expressaoms.com.br\/index.php\/wp-json\/wp\/v2\/posts\/40088\/revisions"}],"predecessor-version":[{"id":40090,"href":"https:\/\/expressaoms.com.br\/index.php\/wp-json\/wp\/v2\/posts\/40088\/revisions\/40090"}],"wp:featuredmedia":[{"embeddable":true,"href":"https:\/\/expressaoms.com.br\/index.php\/wp-json\/wp\/v2\/media\/40089"}],"wp:attachment":[{"href":"https:\/\/expressaoms.com.br\/index.php\/wp-json\/wp\/v2\/media?parent=40088"}],"wp:term":[{"taxonomy":"category","embeddable":true,"href":"https:\/\/expressaoms.com.br\/index.php\/wp-json\/wp\/v2\/categories?post=40088"},{"taxonomy":"post_tag","embeddable":true,"href":"https:\/\/expressaoms.com.br\/index.php\/wp-json\/wp\/v2\/tags?post=40088"}],"curies":[{"name":"wp","href":"https:\/\/api.w.org\/{rel}","templated":true}]}}