{"id":40099,"date":"2025-11-04T08:11:14","date_gmt":"2025-11-04T12:11:14","guid":{"rendered":"https:\/\/expressaoms.com.br\/?p=40099"},"modified":"2025-11-04T08:11:14","modified_gmt":"2025-11-04T12:11:14","slug":"governo-cria-forca-tarefa-para-mediar-conflitos-fundiarios-indigenas-no-sul-de-ms","status":"publish","type":"post","link":"https:\/\/expressaoms.com.br\/index.php\/2025\/11\/04\/governo-cria-forca-tarefa-para-mediar-conflitos-fundiarios-indigenas-no-sul-de-ms\/","title":{"rendered":"Governo cria for\u00e7a-tarefa para mediar conflitos fundi\u00e1rios ind\u00edgenas no sul de MS"},"content":{"rendered":"<p class=\"ds-markdown-paragraph\"><strong><em>Grupo de Trabalho ter\u00e1 180 dias para elaborar diagn\u00f3stico e propor solu\u00e7\u00f5es para tens\u00f5es hist\u00f3ricas na regi\u00e3o, como a recente crise em Caarap\u00f3<\/em><\/strong><\/p>\n<p>&nbsp;<\/p>\n<p class=\"ds-markdown-paragraph\">O governo federal instituiu um Grupo de Trabalho T\u00e9cnico (GTT) com a miss\u00e3o de elaborar um diagn\u00f3stico detalhado sobre os conflitos fundi\u00e1rios envolvendo povos ind\u00edgenas no sul de Mato Grosso do Sul. A portaria de cria\u00e7\u00e3o do grupo foi publicada na edi\u00e7\u00e3o desta segunda-feira do <em>Di\u00e1rio Oficial da Uni\u00e3o<\/em>, seis dias ap\u00f3s o agravamento de uma nova crise na Fazenda Ipuit\u00e3, em Caarap\u00f3, a 274 km de Campo Grande.<\/p>\n<p class=\"ds-markdown-paragraph\">A medida, assinada conjuntamente pela ministra dos Povos Ind\u00edgenas, Sonia Guajajara, pelo ministro do Desenvolvimento Agr\u00e1rio e Agricultura Familiar, Paulo Teixeira, e pela ministra da Gest\u00e3o e da Inova\u00e7\u00e3o em Servi\u00e7os P\u00fablicos, Esther Dweck, \u00e9 uma resposta institucional \u00e0 escalada de tens\u00f5es na regi\u00e3o.<\/p>\n<p class=\"ds-markdown-paragraph\">O GTT ter\u00e1 um prazo de 180 dias para cumprir sua agenda. Suas atribui\u00e7\u00f5es incluem levantar informa\u00e7\u00f5es sobre a situa\u00e7\u00e3o fundi\u00e1ria de \u00e1reas p\u00fablicas e privadas em conflito, propor medidas de media\u00e7\u00e3o e, finalmente, entregar um relat\u00f3rio final com subs\u00eddios t\u00e9cnicos para orientar pol\u00edticas p\u00fablicas de preven\u00e7\u00e3o e resolu\u00e7\u00e3o definitiva desses conflitos.<\/p>\n<h2 class=\"ds-markdown-paragraph\"><strong>Crise em Caarap\u00f3 foi estopim<\/strong><\/h2>\n<p class=\"ds-markdown-paragraph\">A decis\u00e3o de criar o grupo de trabalho ocorre em meio a uma nova fase de viol\u00eancia em Caarap\u00f3. A crise atual come\u00e7ou em 16 de outubro, quando ind\u00edgenas Guarani Kaiow\u00e1 ocuparam parte da Fazenda Ipuit\u00e3, \u00e1rea que reivindicam como territ\u00f3rio tradicional. No mesmo dia, a Pol\u00edcia Militar escoltou tratores de fazendeiros para realizar o replantio na \u00e1rea. De acordo com o Conselho Indigenista Mission\u00e1rio (Cimi), os militares usaram balas de borracha e g\u00e1s lacrimog\u00eaneo contra os ind\u00edgenas durante o confronto.<\/p>\n<p class=\"ds-markdown-paragraph\">A tens\u00e3o se intensificou no dia 25 de outubro, quando os ind\u00edgenas ocuparam e incendiaram a sede da fazenda. Eles alegaram que a a\u00e7\u00e3o foi uma resposta \u00e0 contamina\u00e7\u00e3o por agrot\u00f3xicos. A PM, em nota, limitou-se a informar que enviou equipes ao local &#8220;para dar apoio ao comunicante e restabelecer a tranquilidade diante da situa\u00e7\u00e3o de risco \u00e0 seguran\u00e7a das pessoas e \u00e0 ordem p\u00fablica&#8221;.<\/p>\n<p class=\"ds-markdown-paragraph\">Em uma decis\u00e3o significativa, a Justi\u00e7a Federal de Dourados determinou a retirada da Pol\u00edcia Militar do local e a manuten\u00e7\u00e3o da For\u00e7a Nacional no conflito, buscando desescalar a situa\u00e7\u00e3o.<\/p>\n<p class=\"ds-markdown-paragraph\">A coordena\u00e7\u00e3o do Grupo de Trabalho T\u00e9cnico ficar\u00e1 a cargo do Departamento de Media\u00e7\u00e3o e Concilia\u00e7\u00e3o de Conflitos Fundi\u00e1rios Ind\u00edgenas, do Minist\u00e9rio dos Povos Ind\u00edgenas (MPI). O apoio vir\u00e1 do Departamento de Media\u00e7\u00e3o e Concilia\u00e7\u00e3o de Conflitos Agr\u00e1rios, do Minist\u00e9rio do Desenvolvimento Agr\u00e1rio (MDA), que atuar\u00e1 como secretaria executiva. A Secretaria de Patrim\u00f4nio da Uni\u00e3o (SPU) tamb\u00e9m integra a estrutura permanente.<\/p>\n<p class=\"ds-markdown-paragraph\">Para garantir a representatividade de todos os envolvidos, o GTT ter\u00e1 a faculdade de convidar para suas reuni\u00f5es representantes de institui\u00e7\u00f5es-chave como o Incra (Instituto Nacional de Coloniza\u00e7\u00e3o e Reforma Agr\u00e1ria), o MPF (Minist\u00e9rio P\u00fablico Federal), a DPU (Defensoria P\u00fablica da Uni\u00e3o) e a\u00a0Aty Guasu, a grande assembleia do povo Guarani Kaiow\u00e1, principal afetado pelos conflitos.<\/p>\n<p class=\"ds-markdown-paragraph\">As reuni\u00f5es do grupo ocorrer\u00e3o semanalmente, de forma presencial ou por videoconfer\u00eancia. A participa\u00e7\u00e3o dos membros ser\u00e1 considerada servi\u00e7o p\u00fablico relevante, mas n\u00e3o ser\u00e1 remunerada.<\/p>\n<p class=\"ds-markdown-paragraph\">A cria\u00e7\u00e3o do GTT representa uma tentativa do governo federal de substituir a l\u00f3gica de confronto por uma abordagem t\u00e9cnica e mediada, buscando solu\u00e7\u00f5es de longo prazo para um dos problemas sociais e humanit\u00e1rios mais complexos e duradouros do Centro-Oeste brasileiro.<\/p>\n","protected":false},"excerpt":{"rendered":"<p>Grupo de Trabalho ter\u00e1 180 dias para elaborar diagn\u00f3stico e propor solu\u00e7\u00f5es para tens\u00f5es hist\u00f3ricas na regi\u00e3o, como a recente crise em Caarap\u00f3 &nbsp; O governo federal instituiu um Grupo de Trabalho T\u00e9cnico (GTT) com a miss\u00e3o de elaborar um diagn\u00f3stico detalhado sobre os conflitos fundi\u00e1rios envolvendo povos ind\u00edgenas no sul de Mato Grosso do [&hellip;]<\/p>\n","protected":false},"author":5,"featured_media":40100,"comment_status":"open","ping_status":"open","sticky":false,"template":"","format":"standard","meta":{"om_disable_all_campaigns":false,"_monsterinsights_skip_tracking":false,"_monsterinsights_sitenote_active":false,"_monsterinsights_sitenote_note":"","_monsterinsights_sitenote_category":0,"footnotes":""},"categories":[30,266,193],"tags":[],"aioseo_notices":[],"_links":{"self":[{"href":"https:\/\/expressaoms.com.br\/index.php\/wp-json\/wp\/v2\/posts\/40099"}],"collection":[{"href":"https:\/\/expressaoms.com.br\/index.php\/wp-json\/wp\/v2\/posts"}],"about":[{"href":"https:\/\/expressaoms.com.br\/index.php\/wp-json\/wp\/v2\/types\/post"}],"author":[{"embeddable":true,"href":"https:\/\/expressaoms.com.br\/index.php\/wp-json\/wp\/v2\/users\/5"}],"replies":[{"embeddable":true,"href":"https:\/\/expressaoms.com.br\/index.php\/wp-json\/wp\/v2\/comments?post=40099"}],"version-history":[{"count":1,"href":"https:\/\/expressaoms.com.br\/index.php\/wp-json\/wp\/v2\/posts\/40099\/revisions"}],"predecessor-version":[{"id":40101,"href":"https:\/\/expressaoms.com.br\/index.php\/wp-json\/wp\/v2\/posts\/40099\/revisions\/40101"}],"wp:featuredmedia":[{"embeddable":true,"href":"https:\/\/expressaoms.com.br\/index.php\/wp-json\/wp\/v2\/media\/40100"}],"wp:attachment":[{"href":"https:\/\/expressaoms.com.br\/index.php\/wp-json\/wp\/v2\/media?parent=40099"}],"wp:term":[{"taxonomy":"category","embeddable":true,"href":"https:\/\/expressaoms.com.br\/index.php\/wp-json\/wp\/v2\/categories?post=40099"},{"taxonomy":"post_tag","embeddable":true,"href":"https:\/\/expressaoms.com.br\/index.php\/wp-json\/wp\/v2\/tags?post=40099"}],"curies":[{"name":"wp","href":"https:\/\/api.w.org\/{rel}","templated":true}]}}