{"id":40142,"date":"2025-11-04T16:48:55","date_gmt":"2025-11-04T20:48:55","guid":{"rendered":"https:\/\/expressaoms.com.br\/?p=40142"},"modified":"2025-11-04T14:51:52","modified_gmt":"2025-11-04T18:51:52","slug":"piracema-comeca-em-mato-grosso-do-sul-com-proibicao-total-da-pesca-em-rios-estaduais","status":"publish","type":"post","link":"https:\/\/expressaoms.com.br\/index.php\/2025\/11\/04\/piracema-comeca-em-mato-grosso-do-sul-com-proibicao-total-da-pesca-em-rios-estaduais\/","title":{"rendered":"Piracema come\u00e7a em Mato Grosso do Sul com proibi\u00e7\u00e3o total da pesca em rios estaduais"},"content":{"rendered":"<p class=\"ds-markdown-paragraph\"><em><strong>Medida visa proteger reprodu\u00e7\u00e3o de peixes nativos e vigora at\u00e9 28 de fevereiro de 2026; fiscaliza\u00e7\u00e3o ser\u00e1 refor\u00e7ada com penas severas para infratores<\/strong><\/em><\/p>\n<p>&nbsp;<\/p>\n<p class=\"ds-markdown-paragraph\">A partir desta quarta-feira, 5 de novembro de 2025, est\u00e1 oficialmente proibida a pesca em todos os rios estaduais de Mato Grosso do Sul. A suspens\u00e3o marca o in\u00edcio do per\u00edodo de defeso, conhecido como piracema, que se estender\u00e1 at\u00e9 28 de fevereiro de 2026. O objetivo central da medida \u00e9 assegurar a reprodu\u00e7\u00e3o e a conserva\u00e7\u00e3o das esp\u00e9cies de peixes nativas.<\/p>\n<p class=\"ds-markdown-paragraph\">A exce\u00e7\u00e3o \u00e0 regra estadual aplica-se \u00e0 calha do\u00a0Rio Paran\u00e1, que, por ser um rio de dom\u00ednio da Uni\u00e3o, j\u00e1 est\u00e1 sob regime de prote\u00e7\u00e3o desde o \u00faltimo s\u00e1bado, 1\u00ba de novembro, seguindo a legisla\u00e7\u00e3o federal. A proibi\u00e7\u00e3o tamb\u00e9m \u00e9 v\u00e1lida para outros rios federais, como o\u00a0Parana\u00edba\u00a0e o\u00a0Apor\u00e9.<\/p>\n<p class=\"ds-markdown-paragraph\">Durante estes quatro meses, a pesca ser\u00e1 permitida\u00a0apenas para ribeirinhos e comunidades tradicionais, que podem pescar para consumo pr\u00f3prio (subsist\u00eancia). O limite estabelecido \u00e9 de at\u00e9\u00a0tr\u00eas quilos ou um \u00fanico exemplar por dia, o que for mais ben\u00e9fico para a preserva\u00e7\u00e3o do estoque pesqueiro.<\/p>\n<p class=\"ds-markdown-paragraph\">As opera\u00e7\u00f5es de fiscaliza\u00e7\u00e3o ser\u00e3o intensificadas pela Secretaria Estadual de Meio Ambiente e por \u00f3rg\u00e3os federais. Quem for flagrado pescando ilegalmente estar\u00e1 sujeito a consequ\u00eancias graves, que incluem:<\/p>\n<ul>\n<li>\n<p class=\"ds-markdown-paragraph\">Pris\u00e3o em flagrante pelo crime ambiental;<\/p>\n<\/li>\n<li>\n<p class=\"ds-markdown-paragraph\">Apreens\u00e3o de todos os equipamentos utilizados, como embarca\u00e7\u00f5es, motores e ve\u00edculos;<\/p>\n<\/li>\n<li>\n<p class=\"ds-markdown-paragraph\">Penas de\u00a0<strong>um a tr\u00eas anos de reclus\u00e3o<\/strong>;<\/p>\n<\/li>\n<li>\n<p class=\"ds-markdown-paragraph\">Multas que variam de\u00a0<strong>R$ 700 a R$ 100 mil<\/strong>, com acr\u00e9scimo de\u00a0<strong>R$ 20 por quilo de peixe<\/strong>\u00a0apreendido.<\/p>\n<\/li>\n<\/ul>\n<p class=\"ds-markdown-paragraph\">Den\u00fancias sobre pesca irregular podem ser feitas de forma an\u00f4nima pelo Disque Den\u00fancia\u00a0<strong>181<\/strong>, que garante o sigilo absoluto do denunciante.<\/p>\n<h2>Pesca Esportiva de Esp\u00e9cies Ex\u00f3ticas Permanece Liberada<\/h2>\n<p class=\"ds-markdown-paragraph\">Uma informa\u00e7\u00e3o crucial para os pescadores amadores e esportivos \u00e9 que a proibi\u00e7\u00e3o n\u00e3o se aplica a todas as esp\u00e9cies. Conforme a Instru\u00e7\u00e3o Normativa do Ibama n\u00ba 25\/2009, a pesca de\u00a0esp\u00e9cies ex\u00f3ticas\u00a0(que n\u00e3o s\u00e3o nativas do Brasil) e\u00a0al\u00f3ctones\u00a0(introduzidas em bacias hidrogr\u00e1ficas diferentes de sua origem) continua permitida.<\/p>\n<p class=\"ds-markdown-paragraph\">Isso significa que peixes como\u00a0tucunar\u00e9, til\u00e1pia e curvina\u00a0podem ser pescados durante o defeso, desde que o pescador possua licen\u00e7a e respeite o limite de captura de\u00a010 kg mais um exemplar.<\/p>\n<p class=\"ds-markdown-paragraph\">H\u00e1, por\u00e9m, uma regra importante: o consumo do pescado deve ocorrer\u00a0no local da pesca. O transporte desse pescado \u00e9 expressamente proibido durante o per\u00edodo de defeso.<\/p>\n<p class=\"ds-markdown-paragraph\">Dessa forma, a famosa\u00a0pesca esportiva do tucunar\u00e9 no Rio Parana\u00edba, por exemplo, segue liberada. A pr\u00e1tica \u00e9 vista como uma aliada do\u00a0turismo sustent\u00e1vel, pois movimenta a economia local de pousadas, guias e restaurantes, ao mesmo tempo que refor\u00e7a a preserva\u00e7\u00e3o, j\u00e1 que os peixes s\u00e3o, em sua grande maioria, devolvidos ao rio ap\u00f3s a captura.<\/p>\n<p class=\"ds-markdown-paragraph\">A medida equilibra a necessidade urgente de proteger o ciclo natural das esp\u00e9cies nativas com os interesses econ\u00f4micos e esportivos, promovendo um uso mais consciente e regulado dos recursos h\u00eddricos do estado.<\/p>\n","protected":false},"excerpt":{"rendered":"<p>Medida visa proteger reprodu\u00e7\u00e3o de peixes nativos e vigora at\u00e9 28 de fevereiro de 2026; fiscaliza\u00e7\u00e3o ser\u00e1 refor\u00e7ada com penas severas para infratores &nbsp; A partir desta quarta-feira, 5 de novembro de 2025, est\u00e1 oficialmente proibida a pesca em todos os rios estaduais de Mato Grosso do Sul. A suspens\u00e3o marca o in\u00edcio do per\u00edodo [&hellip;]<\/p>\n","protected":false},"author":5,"featured_media":40143,"comment_status":"open","ping_status":"open","sticky":false,"template":"","format":"standard","meta":{"om_disable_all_campaigns":false,"_monsterinsights_skip_tracking":false,"_monsterinsights_sitenote_active":false,"_monsterinsights_sitenote_note":"","_monsterinsights_sitenote_category":0,"footnotes":""},"categories":[30,36,266,193],"tags":[],"aioseo_notices":[],"_links":{"self":[{"href":"https:\/\/expressaoms.com.br\/index.php\/wp-json\/wp\/v2\/posts\/40142"}],"collection":[{"href":"https:\/\/expressaoms.com.br\/index.php\/wp-json\/wp\/v2\/posts"}],"about":[{"href":"https:\/\/expressaoms.com.br\/index.php\/wp-json\/wp\/v2\/types\/post"}],"author":[{"embeddable":true,"href":"https:\/\/expressaoms.com.br\/index.php\/wp-json\/wp\/v2\/users\/5"}],"replies":[{"embeddable":true,"href":"https:\/\/expressaoms.com.br\/index.php\/wp-json\/wp\/v2\/comments?post=40142"}],"version-history":[{"count":1,"href":"https:\/\/expressaoms.com.br\/index.php\/wp-json\/wp\/v2\/posts\/40142\/revisions"}],"predecessor-version":[{"id":40144,"href":"https:\/\/expressaoms.com.br\/index.php\/wp-json\/wp\/v2\/posts\/40142\/revisions\/40144"}],"wp:featuredmedia":[{"embeddable":true,"href":"https:\/\/expressaoms.com.br\/index.php\/wp-json\/wp\/v2\/media\/40143"}],"wp:attachment":[{"href":"https:\/\/expressaoms.com.br\/index.php\/wp-json\/wp\/v2\/media?parent=40142"}],"wp:term":[{"taxonomy":"category","embeddable":true,"href":"https:\/\/expressaoms.com.br\/index.php\/wp-json\/wp\/v2\/categories?post=40142"},{"taxonomy":"post_tag","embeddable":true,"href":"https:\/\/expressaoms.com.br\/index.php\/wp-json\/wp\/v2\/tags?post=40142"}],"curies":[{"name":"wp","href":"https:\/\/api.w.org\/{rel}","templated":true}]}}