{"id":40145,"date":"2025-11-04T15:29:43","date_gmt":"2025-11-04T19:29:43","guid":{"rendered":"https:\/\/expressaoms.com.br\/?p=40145"},"modified":"2025-11-04T15:29:43","modified_gmt":"2025-11-04T19:29:43","slug":"mutirao-de-vacinacao-e-emissao-da-dva-comeca-neste-sabado-08","status":"publish","type":"post","link":"https:\/\/expressaoms.com.br\/index.php\/2025\/11\/04\/mutirao-de-vacinacao-e-emissao-da-dva-comeca-neste-sabado-08\/","title":{"rendered":"Mutir\u00e3o de Vacina\u00e7\u00e3o e emiss\u00e3o da DVA come\u00e7a neste s\u00e1bado (08)"},"content":{"rendered":"<p>A Prefeitura de Tr\u00eas Lagoas, por meio da Secretaria Municipal de Sa\u00fade (SMS), refor\u00e7a o convite \u00e0 popula\u00e7\u00e3o para participar do Mutir\u00e3o de Atualiza\u00e7\u00e3o da Caderneta de Vacina\u00e7\u00e3o e emiss\u00e3o da Declara\u00e7\u00e3o de Vacina Atualizada (DVA), que ser\u00e1 realizado neste s\u00e1bado, 8 de novembro.<\/p>\n<p>A iniciativa \u00e9 fundamental para garantir que crian\u00e7as, adolescentes e adultos estejam com as vacinas em dia, al\u00e9m de ser obrigat\u00f3ria para a matr\u00edcula dos alunos no ano letivo de 2026.<\/p>\n<p>O \u201cDia D\u201d da vacina\u00e7\u00e3o acontece no s\u00e1bado, 8 de novembro, das 8h \u00e0s 12h, em todas as Unidades B\u00e1sicas de Sa\u00fade (UBSs) do munic\u00edpio, exceto na unidade do Jupi\u00e1 \u2013 onde o p\u00fablico referenciado por procurara as USFs dos bairros Vila Piloto e Vila Alegre. Durante a a\u00e7\u00e3o, as equipes estar\u00e3o preparadas para atender o p\u00fablico, atualizar as cadernetas e emitir a DVA para quem estiver com o esquema vacinal completo.<\/p>\n<p>Al\u00e9m disso, entre os dias 3 e 14 de novembro, segue em andamento a A\u00e7\u00e3o do Aluno Imunizado, realizada nas escolas estaduais de Tr\u00eas Lagoas. Nessa etapa, profissionais das UBSs visitam as unidades de ensino para conferir as cadernetas de vacina\u00e7\u00e3o dos estudantes e aplicar as vacinas necess\u00e1rias, emitindo a DVA quando o calend\u00e1rio estiver atualizado.<\/p>\n<p>A Secretaria de Sa\u00fade refor\u00e7a a import\u00e2ncia de os pais e respons\u00e1veis enviarem a caderneta de vacina\u00e7\u00e3o na data informada pela escola, garantindo que o documento seja avaliado e atualizado corretamente. A Declara\u00e7\u00e3o de Vacina Atualizada (DVA) ser\u00e1 emitida somente para os alunos com todas as vacinas em dia, sendo indispens\u00e1vel para efetuar a matr\u00edcula em 2026 nas redes Municipal e Estadual de Ensino.<\/p>\n<p>SERVI\u00c7O<\/p>\n<p>Evento: Mutir\u00e3o de Atualiza\u00e7\u00e3o da Caderneta de Vacina\u00e7\u00e3o e Expedi\u00e7\u00e3o de DVA<br \/>\nData do Dia D: 8 de novembro de 2025 (s\u00e1bado)<br \/>\nHor\u00e1rio: Das 8h \u00e0s 12h<br \/>\nLocal: Todas as UBSs de Tr\u00eas Lagoas (exceto a unidade do Jupi\u00e1)<br \/>\nA\u00e7\u00e3o do Aluno Imunizado: De 3 a 14 de novembro de 2025<\/p>\n","protected":false},"excerpt":{"rendered":"<p>A Prefeitura de Tr\u00eas Lagoas, por meio da Secretaria Municipal de Sa\u00fade (SMS), refor\u00e7a o convite \u00e0 popula\u00e7\u00e3o para participar do Mutir\u00e3o de Atualiza\u00e7\u00e3o da Caderneta de Vacina\u00e7\u00e3o e emiss\u00e3o da Declara\u00e7\u00e3o de Vacina Atualizada (DVA), que ser\u00e1 realizado neste s\u00e1bado, 8 de novembro. A iniciativa \u00e9 fundamental para garantir que crian\u00e7as, adolescentes e adultos [&hellip;]<\/p>\n","protected":false},"author":5,"featured_media":40146,"comment_status":"open","ping_status":"open","sticky":false,"template":"","format":"standard","meta":{"om_disable_all_campaigns":true,"_monsterinsights_skip_tracking":false,"_monsterinsights_sitenote_active":false,"_monsterinsights_sitenote_note":"","_monsterinsights_sitenote_category":0,"footnotes":""},"categories":[30,266,193,44,48],"tags":[],"aioseo_notices":[],"_links":{"self":[{"href":"https:\/\/expressaoms.com.br\/index.php\/wp-json\/wp\/v2\/posts\/40145"}],"collection":[{"href":"https:\/\/expressaoms.com.br\/index.php\/wp-json\/wp\/v2\/posts"}],"about":[{"href":"https:\/\/expressaoms.com.br\/index.php\/wp-json\/wp\/v2\/types\/post"}],"author":[{"embeddable":true,"href":"https:\/\/expressaoms.com.br\/index.php\/wp-json\/wp\/v2\/users\/5"}],"replies":[{"embeddable":true,"href":"https:\/\/expressaoms.com.br\/index.php\/wp-json\/wp\/v2\/comments?post=40145"}],"version-history":[{"count":1,"href":"https:\/\/expressaoms.com.br\/index.php\/wp-json\/wp\/v2\/posts\/40145\/revisions"}],"predecessor-version":[{"id":40147,"href":"https:\/\/expressaoms.com.br\/index.php\/wp-json\/wp\/v2\/posts\/40145\/revisions\/40147"}],"wp:featuredmedia":[{"embeddable":true,"href":"https:\/\/expressaoms.com.br\/index.php\/wp-json\/wp\/v2\/media\/40146"}],"wp:attachment":[{"href":"https:\/\/expressaoms.com.br\/index.php\/wp-json\/wp\/v2\/media?parent=40145"}],"wp:term":[{"taxonomy":"category","embeddable":true,"href":"https:\/\/expressaoms.com.br\/index.php\/wp-json\/wp\/v2\/categories?post=40145"},{"taxonomy":"post_tag","embeddable":true,"href":"https:\/\/expressaoms.com.br\/index.php\/wp-json\/wp\/v2\/tags?post=40145"}],"curies":[{"name":"wp","href":"https:\/\/api.w.org\/{rel}","templated":true}]}}