{"id":40151,"date":"2025-11-04T16:55:38","date_gmt":"2025-11-04T20:55:38","guid":{"rendered":"https:\/\/expressaoms.com.br\/?p=40151"},"modified":"2025-11-04T16:55:38","modified_gmt":"2025-11-04T20:55:38","slug":"prefeitura-e-sebrae-incentivam-empreendedores-a-expandirem-para-o-mercado-internacional","status":"publish","type":"post","link":"https:\/\/expressaoms.com.br\/index.php\/2025\/11\/04\/prefeitura-e-sebrae-incentivam-empreendedores-a-expandirem-para-o-mercado-internacional\/","title":{"rendered":"Prefeitura e SEBRAE incentivam empreendedores a expandirem para o mercado internacional"},"content":{"rendered":"<p>A Prefeitura de Tr\u00eas Lagoas, por meio da Secretaria Municipal de Desenvolvimento Econ\u00f4mico, Ci\u00eancia, Tecnologia e Turismo (SEDECT) \u00e9 parceira do SEBRAE no workshop \u201cDe Pequeno a Global: Desmistificando a Exporta\u00e7\u00e3o para Micro e Pequenas Empresas\u201d, que ser\u00e1 realizado nesta quarta-feira, 05 de novembro de 2025, \u00e0s 18h, no SEBRAE Costa Leste, localizado na Rua Zuleide Perez Tabox \u2013 826 \u2013 Centro.<\/p>\n<p>A capacita\u00e7\u00e3o \u00e9 voltada para empreendedores que desejam expandir seus neg\u00f3cios al\u00e9m das fronteiras nacionais, buscando novos mercados, acesso a tecnologias e vantagens fiscais por meio da exporta\u00e7\u00e3o. Durante o encontro, especialistas ir\u00e3o apresentar orienta\u00e7\u00f5es pr\u00e1ticas e esclarecer d\u00favidas sobre os primeiros passos para internacionalizar produtos e servi\u00e7os.<\/p>\n<p>As inscri\u00e7\u00f5es s\u00e3o gratuitas e podem ser realizadas\u00a0<strong><a href=\"https:\/\/forms.office.com\/r\/y35rhASULA\">CLICANDO AQUI<\/a><\/strong><\/p>\n","protected":false},"excerpt":{"rendered":"<p>A Prefeitura de Tr\u00eas Lagoas, por meio da Secretaria Municipal de Desenvolvimento Econ\u00f4mico, Ci\u00eancia, Tecnologia e Turismo (SEDECT) \u00e9 parceira do SEBRAE no workshop \u201cDe Pequeno a Global: Desmistificando a Exporta\u00e7\u00e3o para Micro e Pequenas Empresas\u201d, que ser\u00e1 realizado nesta quarta-feira, 05 de novembro de 2025, \u00e0s 18h, no SEBRAE Costa Leste, localizado na Rua [&hellip;]<\/p>\n","protected":false},"author":5,"featured_media":40152,"comment_status":"open","ping_status":"open","sticky":false,"template":"","format":"standard","meta":{"om_disable_all_campaigns":false,"_monsterinsights_skip_tracking":false,"_monsterinsights_sitenote_active":false,"_monsterinsights_sitenote_note":"","_monsterinsights_sitenote_category":0,"footnotes":""},"categories":[30,36,266,193,48],"tags":[],"aioseo_notices":[],"_links":{"self":[{"href":"https:\/\/expressaoms.com.br\/index.php\/wp-json\/wp\/v2\/posts\/40151"}],"collection":[{"href":"https:\/\/expressaoms.com.br\/index.php\/wp-json\/wp\/v2\/posts"}],"about":[{"href":"https:\/\/expressaoms.com.br\/index.php\/wp-json\/wp\/v2\/types\/post"}],"author":[{"embeddable":true,"href":"https:\/\/expressaoms.com.br\/index.php\/wp-json\/wp\/v2\/users\/5"}],"replies":[{"embeddable":true,"href":"https:\/\/expressaoms.com.br\/index.php\/wp-json\/wp\/v2\/comments?post=40151"}],"version-history":[{"count":1,"href":"https:\/\/expressaoms.com.br\/index.php\/wp-json\/wp\/v2\/posts\/40151\/revisions"}],"predecessor-version":[{"id":40153,"href":"https:\/\/expressaoms.com.br\/index.php\/wp-json\/wp\/v2\/posts\/40151\/revisions\/40153"}],"wp:featuredmedia":[{"embeddable":true,"href":"https:\/\/expressaoms.com.br\/index.php\/wp-json\/wp\/v2\/media\/40152"}],"wp:attachment":[{"href":"https:\/\/expressaoms.com.br\/index.php\/wp-json\/wp\/v2\/media?parent=40151"}],"wp:term":[{"taxonomy":"category","embeddable":true,"href":"https:\/\/expressaoms.com.br\/index.php\/wp-json\/wp\/v2\/categories?post=40151"},{"taxonomy":"post_tag","embeddable":true,"href":"https:\/\/expressaoms.com.br\/index.php\/wp-json\/wp\/v2\/tags?post=40151"}],"curies":[{"name":"wp","href":"https:\/\/api.w.org\/{rel}","templated":true}]}}