{"id":40172,"date":"2025-11-05T10:34:43","date_gmt":"2025-11-05T14:34:43","guid":{"rendered":"https:\/\/expressaoms.com.br\/?p=40172"},"modified":"2025-11-05T09:40:12","modified_gmt":"2025-11-05T13:40:12","slug":"prefeitura-de-tres-lagoas-moderniza-estrutura-administrativa-e-cria-secretaria-de-gestao-de-pessoas","status":"publish","type":"post","link":"https:\/\/expressaoms.com.br\/index.php\/2025\/11\/05\/prefeitura-de-tres-lagoas-moderniza-estrutura-administrativa-e-cria-secretaria-de-gestao-de-pessoas\/","title":{"rendered":"Prefeitura de Tr\u00eas Lagoas moderniza estrutura administrativa e cria Secretaria de Gest\u00e3o de Pessoas"},"content":{"rendered":"<p class=\"ds-markdown-paragraph\"><em><strong>Lei Municipal n\u00ba 4.357\/2025 reorganiza setores de tecnologia e administra\u00e7\u00e3o, refor\u00e7ando a transforma\u00e7\u00e3o digital e a efici\u00eancia nos servi\u00e7os p\u00fablicos<\/strong><\/em><\/p>\n<p>&nbsp;<\/p>\n<p class=\"ds-markdown-paragraph\">O prefeito\u00a0Cassiano Maia sancionou a Lei Municipal n\u00ba 4.357\/2025, que promove uma significativa moderniza\u00e7\u00e3o na estrutura administrativa do Munic\u00edpio de Tr\u00eas Lagoas. A legisla\u00e7\u00e3o altera a Lei n\u00ba 3.222\/2016 e introduz mudan\u00e7as estrat\u00e9gicas, especialmente nas \u00e1reas de tecnologia e gest\u00e3o de pessoas, com o objetivo de aumentar a efici\u00eancia, a seguran\u00e7a digital e a qualidade dos servi\u00e7os prestados \u00e0 popula\u00e7\u00e3o.<\/p>\n<p class=\"ds-markdown-paragraph\">Uma das principais mudan\u00e7as \u00e9 a reformula\u00e7\u00e3o da\u00a0Secretaria Municipal de Governo e Pol\u00edticas P\u00fablicas, que passa a abrigar uma\u00a0Diretoria de Tecnologia da Informa\u00e7\u00e3o\u00a0com estrutura ampliada e mais especializada. A nova diretoria ser\u00e1 composta por dois departamentos:<\/p>\n<ul>\n<li>\n<p class=\"ds-markdown-paragraph\"><strong>Departamento de Gest\u00e3o de Infraestrutura e Seguran\u00e7a<\/strong>: Respons\u00e1vel pela administra\u00e7\u00e3o da rede, suporte t\u00e9cnico, seguran\u00e7a cibern\u00e9tica e controle patrimonial dos equipamentos de TI.<\/p>\n<\/li>\n<li>\n<p class=\"ds-markdown-paragraph\"><strong>Departamento de Solu\u00e7\u00f5es Digitais<\/strong>: Focado no desenvolvimento de sistemas, otimiza\u00e7\u00e3o de processos e implanta\u00e7\u00e3o de novas ferramentas para a digitaliza\u00e7\u00e3o de servi\u00e7os.<\/p>\n<\/li>\n<\/ul>\n<p class=\"ds-markdown-paragraph\">Al\u00e9m disso, a partir de\u00a01\u00ba de janeiro de 2026, a atual\u00a0Secretaria Municipal de Administra\u00e7\u00e3o\u00a0passar\u00e1 a se chamar\u00a0Secretaria Municipal de Gest\u00e3o de Pessoas. A mudan\u00e7a reflete um foco mais estrat\u00e9gico na valoriza\u00e7\u00e3o dos servidores, com atribui\u00e7\u00f5es que incluem pol\u00edticas de desenvolvimento, capacita\u00e7\u00e3o, sa\u00fade ocupacional e qualidade de vida no servi\u00e7o p\u00fablico.<\/p>\n<p class=\"ds-markdown-paragraph\">A lei tamb\u00e9m detalha as compet\u00eancias de cada setor, garantindo maior transpar\u00eancia e organiza\u00e7\u00e3o no atendimento \u00e0s demandas internas e da sociedade. Entre as novas responsabilidades est\u00e3o a implementa\u00e7\u00e3o de pol\u00edticas de seguran\u00e7a da informa\u00e7\u00e3o, conformidade com a LGPD, moderniza\u00e7\u00e3o de sistemas e promo\u00e7\u00e3o da interoperabilidade entre os \u00f3rg\u00e3os municipais.<\/p>\n<p class=\"ds-markdown-paragraph\"><strong>Foco na transforma\u00e7\u00e3o digital<\/strong><\/p>\n<p class=\"ds-markdown-paragraph\">Com a reestrutura\u00e7\u00e3o, a Prefeitura de Tr\u00eas Lagoas busca consolidar sua transforma\u00e7\u00e3o digital, com setores dedicados a:<\/p>\n<ul>\n<li>\n<p class=\"ds-markdown-paragraph\">Infraestrutura tecnol\u00f3gica e preven\u00e7\u00e3o a incidentes cibern\u00e9ticos;<\/p>\n<\/li>\n<li>\n<p class=\"ds-markdown-paragraph\">Desenvolvimento de aplicativos e sistemas para servi\u00e7os p\u00fablicos;<\/p>\n<\/li>\n<li>\n<p class=\"ds-markdown-paragraph\">Redu\u00e7\u00e3o de burocracia por meio da automa\u00e7\u00e3o de processos;<\/p>\n<\/li>\n<li>\n<p class=\"ds-markdown-paragraph\">Capacita\u00e7\u00e3o de servidores para o uso de ferramentas digitais.<\/p>\n<\/li>\n<\/ul>\n<p class=\"ds-markdown-paragraph\">A medida visa n\u00e3o apenas modernizar a gest\u00e3o interna, mas tamb\u00e9m melhorar a experi\u00eancia do cidad\u00e3o no acesso a informa\u00e7\u00f5es e servi\u00e7os municipais.<\/p>\n<p class=\"ds-markdown-paragraph\">A Lei n\u00ba 4.357\/2025 entrou em vigor na data de sua publica\u00e7\u00e3o, revogando-se as disposi\u00e7\u00f5es em contr\u00e1rio.<\/p>\n","protected":false},"excerpt":{"rendered":"<p>Lei Municipal n\u00ba 4.357\/2025 reorganiza setores de tecnologia e administra\u00e7\u00e3o, refor\u00e7ando a transforma\u00e7\u00e3o digital e a efici\u00eancia nos servi\u00e7os p\u00fablicos &nbsp; O prefeito\u00a0Cassiano Maia sancionou a Lei Municipal n\u00ba 4.357\/2025, que promove uma significativa moderniza\u00e7\u00e3o na estrutura administrativa do Munic\u00edpio de Tr\u00eas Lagoas. A legisla\u00e7\u00e3o altera a Lei n\u00ba 3.222\/2016 e introduz mudan\u00e7as estrat\u00e9gicas, especialmente [&hellip;]<\/p>\n","protected":false},"author":5,"featured_media":40173,"comment_status":"open","ping_status":"open","sticky":false,"template":"","format":"standard","meta":{"om_disable_all_campaigns":false,"_monsterinsights_skip_tracking":false,"_monsterinsights_sitenote_active":false,"_monsterinsights_sitenote_note":"","_monsterinsights_sitenote_category":0,"footnotes":""},"categories":[30,36,266,193,48],"tags":[],"aioseo_notices":[],"_links":{"self":[{"href":"https:\/\/expressaoms.com.br\/index.php\/wp-json\/wp\/v2\/posts\/40172"}],"collection":[{"href":"https:\/\/expressaoms.com.br\/index.php\/wp-json\/wp\/v2\/posts"}],"about":[{"href":"https:\/\/expressaoms.com.br\/index.php\/wp-json\/wp\/v2\/types\/post"}],"author":[{"embeddable":true,"href":"https:\/\/expressaoms.com.br\/index.php\/wp-json\/wp\/v2\/users\/5"}],"replies":[{"embeddable":true,"href":"https:\/\/expressaoms.com.br\/index.php\/wp-json\/wp\/v2\/comments?post=40172"}],"version-history":[{"count":1,"href":"https:\/\/expressaoms.com.br\/index.php\/wp-json\/wp\/v2\/posts\/40172\/revisions"}],"predecessor-version":[{"id":40174,"href":"https:\/\/expressaoms.com.br\/index.php\/wp-json\/wp\/v2\/posts\/40172\/revisions\/40174"}],"wp:featuredmedia":[{"embeddable":true,"href":"https:\/\/expressaoms.com.br\/index.php\/wp-json\/wp\/v2\/media\/40173"}],"wp:attachment":[{"href":"https:\/\/expressaoms.com.br\/index.php\/wp-json\/wp\/v2\/media?parent=40172"}],"wp:term":[{"taxonomy":"category","embeddable":true,"href":"https:\/\/expressaoms.com.br\/index.php\/wp-json\/wp\/v2\/categories?post=40172"},{"taxonomy":"post_tag","embeddable":true,"href":"https:\/\/expressaoms.com.br\/index.php\/wp-json\/wp\/v2\/tags?post=40172"}],"curies":[{"name":"wp","href":"https:\/\/api.w.org\/{rel}","templated":true}]}}