{"id":40175,"date":"2025-11-05T11:13:39","date_gmt":"2025-11-05T15:13:39","guid":{"rendered":"https:\/\/expressaoms.com.br\/?p=40175"},"modified":"2025-11-05T09:45:51","modified_gmt":"2025-11-05T13:45:51","slug":"novembro-azul-centro-de-especialidades-medicas-cem-passa-a-realizar-vasectomia","status":"publish","type":"post","link":"https:\/\/expressaoms.com.br\/index.php\/2025\/11\/05\/novembro-azul-centro-de-especialidades-medicas-cem-passa-a-realizar-vasectomia\/","title":{"rendered":"NOVEMBRO AZUL \u2013 Centro de Especialidades M\u00e9dicas (CEM) passa a realizar vasectomia"},"content":{"rendered":"<p>A Secretaria Municipal de Sa\u00fade (SMS) de Tr\u00eas Lagoas anuncia uma importante novidade em alus\u00e3o ao Novembro Azul, m\u00eas dedicado \u00e0 conscientiza\u00e7\u00e3o sobre a sa\u00fade integral do homem. A partir da pr\u00f3xima semana, o procedimento de vasectomia passar\u00e1 a ser regulado e realizado no Centro de Especialidades M\u00e9dicas (CEM).<\/p>\n<p>Os atendimentos ser\u00e3o conduzidos pelos urologistas Dr. Ary e Dr. Edson, com in\u00edcio previsto para os dias 14 e 18 de novembro, respectivamente. O paciente interessado deve procurar a Unidade de Sa\u00fade da Fam\u00edlia (USF) de refer\u00eancia, manifestar interesse e, caso atenda aos requisitos, \u00e9 encaminhado via sistema de regula\u00e7\u00e3o de vagas para o planejamento familiar, passando por atendimento psicol\u00f3gico para montagem do processo e posterior realiza\u00e7\u00e3o do procedimento.<\/p>\n<p>Atualmente, 32 pacientes aguardam na fila para a realiza\u00e7\u00e3o da cirurgia, e a expectativa \u00e9 de que o CEM realize em m\u00e9dia 15 vasectomias por m\u00eas, contribuindo para reduzir a fila de espera e garantir mais agilidade no acesso ao procedimento.<\/p>\n<p>De acordo com a SMS, a implanta\u00e7\u00e3o desse servi\u00e7o representa mais um avan\u00e7o da Prefeitura de Tr\u00eas Lagoas na amplia\u00e7\u00e3o da oferta de procedimentos especializados, garantindo mais acesso e qualidade nos cuidados com a sa\u00fade masculina.<\/p>\n<p>Al\u00e9m dessa novidade, as Unidades de Sa\u00fade do munic\u00edpio seguem com uma programa\u00e7\u00e3o especial ao longo de todo o m\u00eas, com a\u00e7\u00f5es educativas, palestras, testes r\u00e1pidos e orienta\u00e7\u00f5es voltadas \u00e0 preven\u00e7\u00e3o e ao cuidado com a sa\u00fade do homem.<\/p>\n<div class=\"wp-block-buttons is-layout-flex wp-block-buttons-is-layout-flex\">\n<div class=\"wp-block-button\"><a class=\"wp-block-button__link wp-element-button\" href=\"https:\/\/www.treslagoas.ms.gov.br\/unidades-de-saude-terao-plantoes-alusivos-ao-novembro-azul-veja-agenda\/\"><strong>CRONOGRAMA NOVEBRO AZUL<\/strong><\/a><\/div>\n<\/div>\n<p>&nbsp;<\/p>\n<p><strong>SOBRE A VASECTOMIA<\/strong><\/p>\n<p>A vasectomia \u00e9 um procedimento cir\u00fargico de esteriliza\u00e7\u00e3o masculina que impede a gravidez ao bloquear a passagem dos espermatozoides produzidos nos test\u00edculos. \u00c9 considerada um m\u00e9todo contraceptivo permanente e eficaz, feito atrav\u00e9s da interrup\u00e7\u00e3o dos canais deferentes, que levam os espermatozoides ao p\u00eanis.<\/p>\n<p><strong>CRIT\u00c9RIOS PARA REALIZAR A VASECTOMIA<\/strong><\/p>\n<ul class=\"wp-block-list\">\n<li>Seguimos as diretrizes federais estabelecidas pela Lei n\u00ba 14.443\/2022, que garante o acesso \u00e0 esteriliza\u00e7\u00e3o volunt\u00e1ria por meio da vasectomia a homens com 21 anos ou mais (com ou sem filhos) ou entre 18 e 21 anos, desde que tenham pelo menos dois filhos vivos. Essa lei elimina a necessidade de autoriza\u00e7\u00e3o do c\u00f4njuge.<\/li>\n<li>\u00c9 necess\u00e1rio passar por consulta m\u00e9dica ou de enfermagem na unidade de sa\u00fade para encaminhamento por meio do link: \u201cConsulta em Psicologia \u2013 Planejamento Familiar \u2013 Vasectomia\u201d.<\/li>\n<li>Deve haver um per\u00edodo m\u00ednimo de 60 dias entre a manifesta\u00e7\u00e3o de vontade e a realiza\u00e7\u00e3o do procedimento cir\u00fargico.<\/li>\n<\/ul>\n","protected":false},"excerpt":{"rendered":"<p>A Secretaria Municipal de Sa\u00fade (SMS) de Tr\u00eas Lagoas anuncia uma importante novidade em alus\u00e3o ao Novembro Azul, m\u00eas dedicado \u00e0 conscientiza\u00e7\u00e3o sobre a sa\u00fade integral do homem. A partir da pr\u00f3xima semana, o procedimento de vasectomia passar\u00e1 a ser regulado e realizado no Centro de Especialidades M\u00e9dicas (CEM). Os atendimentos ser\u00e3o conduzidos pelos urologistas [&hellip;]<\/p>\n","protected":false},"author":5,"featured_media":40176,"comment_status":"open","ping_status":"open","sticky":false,"template":"","format":"standard","meta":{"om_disable_all_campaigns":false,"_monsterinsights_skip_tracking":false,"_monsterinsights_sitenote_active":false,"_monsterinsights_sitenote_note":"","_monsterinsights_sitenote_category":0,"footnotes":""},"categories":[30,266,193,44,48],"tags":[],"aioseo_notices":[],"_links":{"self":[{"href":"https:\/\/expressaoms.com.br\/index.php\/wp-json\/wp\/v2\/posts\/40175"}],"collection":[{"href":"https:\/\/expressaoms.com.br\/index.php\/wp-json\/wp\/v2\/posts"}],"about":[{"href":"https:\/\/expressaoms.com.br\/index.php\/wp-json\/wp\/v2\/types\/post"}],"author":[{"embeddable":true,"href":"https:\/\/expressaoms.com.br\/index.php\/wp-json\/wp\/v2\/users\/5"}],"replies":[{"embeddable":true,"href":"https:\/\/expressaoms.com.br\/index.php\/wp-json\/wp\/v2\/comments?post=40175"}],"version-history":[{"count":1,"href":"https:\/\/expressaoms.com.br\/index.php\/wp-json\/wp\/v2\/posts\/40175\/revisions"}],"predecessor-version":[{"id":40177,"href":"https:\/\/expressaoms.com.br\/index.php\/wp-json\/wp\/v2\/posts\/40175\/revisions\/40177"}],"wp:featuredmedia":[{"embeddable":true,"href":"https:\/\/expressaoms.com.br\/index.php\/wp-json\/wp\/v2\/media\/40176"}],"wp:attachment":[{"href":"https:\/\/expressaoms.com.br\/index.php\/wp-json\/wp\/v2\/media?parent=40175"}],"wp:term":[{"taxonomy":"category","embeddable":true,"href":"https:\/\/expressaoms.com.br\/index.php\/wp-json\/wp\/v2\/categories?post=40175"},{"taxonomy":"post_tag","embeddable":true,"href":"https:\/\/expressaoms.com.br\/index.php\/wp-json\/wp\/v2\/tags?post=40175"}],"curies":[{"name":"wp","href":"https:\/\/api.w.org\/{rel}","templated":true}]}}