{"id":40203,"date":"2025-11-05T17:42:47","date_gmt":"2025-11-05T21:42:47","guid":{"rendered":"https:\/\/expressaoms.com.br\/?p=40203"},"modified":"2025-11-05T17:42:47","modified_gmt":"2025-11-05T21:42:47","slug":"suino-brasa-fest-consolida-negocios-e-gera-renda-com-18-stands-na-edicao-2025","status":"publish","type":"post","link":"https:\/\/expressaoms.com.br\/index.php\/2025\/11\/05\/suino-brasa-fest-consolida-negocios-e-gera-renda-com-18-stands-na-edicao-2025\/","title":{"rendered":"Suino Brasa Fest consolida neg\u00f3cios e gera renda com 18 stands na edi\u00e7\u00e3o 2025"},"content":{"rendered":"<div class=\"ntc_cont_descricao_noticia sw_txteditor\">\n<p><span style=\"font-size: 16px;\">A estrutura do 4\u00ba Suino Brasa Fest, que acontece de 07 a 09 de novembro em Brasil\u00e2ndia (MS), vai al\u00e9m dos palcos. Neste ano, o evento contar\u00e1 com 18 stands que formar\u00e3o uma vitrine do empreendedorismo local e regional, integrando exposi\u00e7\u00e3o agropecu\u00e1ria e comercial. Pela primeira vez, a Prefeitura Municipal, por meio da Secretaria de Ind\u00fastria, Com\u00e9rcio e Agroneg\u00f3cio, ter\u00e1 um estande pr\u00f3prio para apresentar os servi\u00e7os oferecidos \u00e0 popula\u00e7\u00e3o.<\/span><\/p>\n<\/div>\n<div class=\"ntc_area_info_noticia sw_lato\">\n<div class=\"ntc_cont_descricao_noticia sw_txteditor\">\n<p>De acordo com o secret\u00e1rio municipal de Desenvolvimento Econ\u00f4mico e integrante da comiss\u00e3o organizadora, Hugo Goulart, a feira foi planejada para fomentar os neg\u00f3cios. \u201cMontamos uma estrutura ampla e convidativa para receber empres\u00e1rios e toda a comunidade. Queremos que os visitantes n\u00e3o apenas curtam os shows, mas tamb\u00e9m conhe\u00e7am a for\u00e7a da nossa economia, desde grandes m\u00e1quinas agr\u00edcolas at\u00e9 o trabalho delicado dos nossos artes\u00e3os\u201d, destacou.<\/p>\n<p>Reafirmando seu importante aspecto social, o Suino Brasa Fest cedeu um stand gratuito para a Associa\u00e7\u00e3o dos Artes\u00e3os de Brasil\u00e2ndia (AArtebras), que ter\u00e1 espa\u00e7o para expor e vender seus produtos. \u201c\u00c9 uma oportunidade \u00edmpar para nossos artes\u00f5es gerarem renda e mostrarem seu talento para um p\u00fablico t\u00e3o grande. Isso demonstra que o evento tem um cora\u00e7\u00e3o, vai al\u00e9m do entretenimento\u201d, celebrou Nilse Valentina, uma das representantes da associa\u00e7\u00e3o.<\/p>\n<p><strong>CONHE\u00c7A OS EXPOSITORES<\/strong><\/p>\n<p>A feira re\u00fane um diversificado leque de empresas, refletindo a pujan\u00e7a econ\u00f4mica de Brasil\u00e2ndia e regi\u00e3o. Confirmaram presen\u00e7a nos stands: Honda Mototr\u00eas, Bendito Atelier, Kadosh, Empreiteira Costa Pino, FS Agroflorestal, New Holland, Sicredi, BWD Style, Alternativa N\u00e1utica, \u00danico Solu\u00e7\u00f5es, Tui Urbana, Pantanal Country e o Projeto de Gera\u00e7\u00e3o de Renda.<\/p>\n<p><strong>SOBRE A FESTA<\/strong><\/p>\n<p>Sob a realiza\u00e7\u00e3o da Associa\u00e7\u00e3o Comercial, Industrial e Agropastoril de Brasil\u00e2ndia (Aciabra) e o apoio da Prefeitura e C\u00e2mara Municipal, o festival se consolida como um dos principais eventos da regi\u00e3o.<\/p>\n<p>A programa\u00e7\u00e3o musical conta com atra\u00e7\u00f5es de renome nacional: a dupla C\u00e9zar &amp; Paulinho se apresenta na sexta-feira (07); Pedro Paulo &amp; Alex animam o p\u00fablico no s\u00e1bado (08); e o domingo (09) ser\u00e1 encerrado com o Grupo Z\u00edngaro e a Fambra.<\/p>\n<p><strong>ALMO\u00c7O COM CAUSA SOCIAL<\/strong><\/p>\n<p>No domingo (09), o evento promove um almo\u00e7o especial no Est\u00e1dio Municipal, com valor promocional de R$ 35 \u2013 um desconto em rela\u00e7\u00e3o aos R$ 50 originais. Os convites est\u00e3o \u00e0 venda diretamente com as entidades beneficiadas.<\/p>\n<p>O almo\u00e7o ter\u00e1 show da Banda Z\u00edngaro e toda a renda ser\u00e1 revertida para institui\u00e7\u00f5es de solidariedade: Hospital J\u00falio C\u00e9sar Paulino Maia, Funda\u00e7\u00e3o de Sa\u00fade P\u00fablica de Brasil\u00e2ndia, AArtebras e APAE, fortalecendo o car\u00e1ter social que \u00e9 marca registrada do festival.<\/p>\n<\/div>\n<div class=\"ntc_area_info_noticia sw_lato\">\n<div><\/div>\n<\/div>\n<\/div>\n","protected":false},"excerpt":{"rendered":"<p>A estrutura do 4\u00ba Suino Brasa Fest, que acontece de 07 a 09 de novembro em Brasil\u00e2ndia (MS), vai al\u00e9m dos palcos. Neste ano, o evento contar\u00e1 com 18 stands que formar\u00e3o uma vitrine do empreendedorismo local e regional, integrando exposi\u00e7\u00e3o agropecu\u00e1ria e comercial. Pela primeira vez, a Prefeitura Municipal, por meio da Secretaria de [&hellip;]<\/p>\n","protected":false},"author":5,"featured_media":40204,"comment_status":"open","ping_status":"open","sticky":false,"template":"","format":"standard","meta":{"om_disable_all_campaigns":false,"_monsterinsights_skip_tracking":false,"_monsterinsights_sitenote_active":false,"_monsterinsights_sitenote_note":"","_monsterinsights_sitenote_category":0,"footnotes":""},"categories":[26,193],"tags":[],"aioseo_notices":[],"_links":{"self":[{"href":"https:\/\/expressaoms.com.br\/index.php\/wp-json\/wp\/v2\/posts\/40203"}],"collection":[{"href":"https:\/\/expressaoms.com.br\/index.php\/wp-json\/wp\/v2\/posts"}],"about":[{"href":"https:\/\/expressaoms.com.br\/index.php\/wp-json\/wp\/v2\/types\/post"}],"author":[{"embeddable":true,"href":"https:\/\/expressaoms.com.br\/index.php\/wp-json\/wp\/v2\/users\/5"}],"replies":[{"embeddable":true,"href":"https:\/\/expressaoms.com.br\/index.php\/wp-json\/wp\/v2\/comments?post=40203"}],"version-history":[{"count":1,"href":"https:\/\/expressaoms.com.br\/index.php\/wp-json\/wp\/v2\/posts\/40203\/revisions"}],"predecessor-version":[{"id":40205,"href":"https:\/\/expressaoms.com.br\/index.php\/wp-json\/wp\/v2\/posts\/40203\/revisions\/40205"}],"wp:featuredmedia":[{"embeddable":true,"href":"https:\/\/expressaoms.com.br\/index.php\/wp-json\/wp\/v2\/media\/40204"}],"wp:attachment":[{"href":"https:\/\/expressaoms.com.br\/index.php\/wp-json\/wp\/v2\/media?parent=40203"}],"wp:term":[{"taxonomy":"category","embeddable":true,"href":"https:\/\/expressaoms.com.br\/index.php\/wp-json\/wp\/v2\/categories?post=40203"},{"taxonomy":"post_tag","embeddable":true,"href":"https:\/\/expressaoms.com.br\/index.php\/wp-json\/wp\/v2\/tags?post=40203"}],"curies":[{"name":"wp","href":"https:\/\/api.w.org\/{rel}","templated":true}]}}