{"id":40209,"date":"2025-11-06T07:46:10","date_gmt":"2025-11-06T11:46:10","guid":{"rendered":"https:\/\/expressaoms.com.br\/?p=40209"},"modified":"2025-11-06T07:46:10","modified_gmt":"2025-11-06T11:46:10","slug":"senado-aprova-isencao-do-imposto-de-renda-para-quem-ganha-ate-r-5-mil-e-aumenta-taxacao-de-altas-rendas","status":"publish","type":"post","link":"https:\/\/expressaoms.com.br\/index.php\/2025\/11\/06\/senado-aprova-isencao-do-imposto-de-renda-para-quem-ganha-ate-r-5-mil-e-aumenta-taxacao-de-altas-rendas\/","title":{"rendered":"Senado aprova isen\u00e7\u00e3o do Imposto de Renda para quem ganha at\u00e9 R$ 5 mil e aumenta taxa\u00e7\u00e3o de altas rendas"},"content":{"rendered":"<p class=\"ds-markdown-paragraph\"><em><strong>Texto aprovado por unanimidade agora segue para san\u00e7\u00e3o do presidente Lula; se sancionado at\u00e9 o fim do ano, novas regras valem a partir de janeiro de 2026.<\/strong><\/em><\/p>\n<p>&nbsp;<\/p>\n<p class=\"ds-markdown-paragraph\">O Plen\u00e1rio do Senado aprovou, por unanimidade, nesta quarta-feira (5), o Projeto de Lei 1087\/2025, que isenta do Imposto de Renda (IR) os trabalhadores que recebem at\u00e9 R$ 5 mil mensais e aumenta a tributa\u00e7\u00e3o para as faixas de alta renda. A proposta, encaminhada pelo governo federal em mar\u00e7o e j\u00e1 aprovada pela C\u00e2mara em outubro, agora aguarda a san\u00e7\u00e3o do presidente Luiz In\u00e1cio Lula da Silva. Se sancionada at\u00e9 o final de 2025, a redu\u00e7\u00e3o do IR come\u00e7ar\u00e1 a valer em janeiro de 2026.<\/p>\n<p class=\"ds-markdown-paragraph\">De acordo com estimativas do governo, a medida deve beneficiar aproximadamente\u00a025 milh\u00f5es de brasileiros, que passar\u00e3o a pagar menos impostos. Em contrapartida, cerca de\u00a0200 mil contribuintes\u00a0de alta renda ter\u00e3o um aumento na carga tribut\u00e1ria.<\/p>\n<p class=\"ds-markdown-paragraph\">&#8220;\u00c9 uma medida que dialoga com a vida real das pessoas&#8221;, afirmou o presidente do Senado, Davi Alcolumbre.<\/p>\n<p class=\"ds-markdown-paragraph\">Pela proposta, ficam\u00a0isentos\u00a0do Imposto de Renda os rendimentos mensais de at\u00e9\u00a0R$ 5.000,00.<br \/>\nPara quem ganha entre\u00a0R$ 5.000,01 e R$ 7.350,00, haver\u00e1 uma\u00a0redu\u00e7\u00e3o proporcional\u00a0do imposto devido.<\/p>\n<p class=\"ds-markdown-paragraph\">Para compensar a perda de arrecada\u00e7\u00e3o com a isen\u00e7\u00e3o, o projeto estabelece uma\u00a0al\u00edquota extra progressiva\u00a0para contribuintes com rendimentos anuais superiores a\u00a0R$ 600 mil\u00a0(o equivalente a R$ 50 mil por m\u00eas). A taxa\u00e7\u00e3o extra pode chegar a\u00a010%\u00a0para aqueles que recebem acima de\u00a0R$ 1,2 milh\u00e3o por ano, incluindo dividendos.<\/p>\n<p class=\"ds-markdown-paragraph\">Al\u00e9m disso, o texto prev\u00ea a tributa\u00e7\u00e3o de\u00a0lucros e dividendos\u00a0remetidos para o exterior, tamb\u00e9m com al\u00edquota de 10%.<\/p>\n<p class=\"ds-markdown-paragraph\">A partir de janeiro de 2026, a distribui\u00e7\u00e3o de lucros e dividendos de uma pessoa jur\u00eddica para uma mesma pessoa f\u00edsica residente no Brasil, quando o valor total for superior a\u00a0R$ 50 mil ao m\u00eas, ficar\u00e1 sujeita \u00e0 incid\u00eancia de IRPF de 10%, sem possibilidade de dedu\u00e7\u00f5es. Ficam de fora desta regra os lucros e dividendos cuja distribui\u00e7\u00e3o tenha sido aprovada at\u00e9 31 de dezembro de 2025, mesmo que o pagamento ocorra posteriormente.<\/p>\n<p class=\"ds-markdown-paragraph\">Por ter sido aprovado por unanimidade, os tr\u00eas senadores de Mato Grosso do Sul \u2013\u00a0Nelsinho Trad (PSD), Soraya Tronicke (Podemos) e Tereza Cristina (PP)\u00a0\u2013 tamb\u00e9m votaram a favor da proposta.<\/p>\n<p class=\"ds-markdown-paragraph\">O relator do projeto, senador\u00a0Renan Calheiros (MDB-AL), defendeu a proposta e a classificou como hist\u00f3rica para o pa\u00eds. \u201cO projeto do imposto zero \u00e9 um dos mais importantes e mais aguardados dos \u00faltimos anos\u201d, declarou.<\/p>\n<p class=\"ds-markdown-paragraph\">Renan afirmou que a proposta corrige injusti\u00e7as e contribui para o bem-estar social \u201cao promover a justi\u00e7a tribut\u00e1ria, diminuir a carga de tributos que incide sobre a baixa renda e aumentar a carga incidente sobre os super ricos\u201d.<\/p>\n<p class=\"ds-markdown-paragraph\">Segundo o relator, o &#8220;imposto zero&#8221; proporcionar\u00e1 um\u00a0ganho m\u00e9dio de R$ 3,5 mil por ano\u00a0para os trabalhadores beneficiados.<\/p>\n<p class=\"ds-markdown-paragraph\">O projeto de lei agora segue para o Pal\u00e1cio do Planalto, onde aguarda a san\u00e7\u00e3o do presidente Lula. Se sancionado ainda este ano, as novas regras do Imposto de Renda entrar\u00e3o em vigor a partir de janeiro de 2026.<\/p>\n","protected":false},"excerpt":{"rendered":"<p>Texto aprovado por unanimidade agora segue para san\u00e7\u00e3o do presidente Lula; se sancionado at\u00e9 o fim do ano, novas regras valem a partir de janeiro de 2026. &nbsp; O Plen\u00e1rio do Senado aprovou, por unanimidade, nesta quarta-feira (5), o Projeto de Lei 1087\/2025, que isenta do Imposto de Renda (IR) os trabalhadores que recebem at\u00e9 [&hellip;]<\/p>\n","protected":false},"author":5,"featured_media":40210,"comment_status":"open","ping_status":"open","sticky":false,"template":"","format":"standard","meta":{"om_disable_all_campaigns":false,"_monsterinsights_skip_tracking":false,"_monsterinsights_sitenote_active":false,"_monsterinsights_sitenote_note":"","_monsterinsights_sitenote_category":0,"footnotes":""},"categories":[246,30,31,266,193],"tags":[],"aioseo_notices":[],"_links":{"self":[{"href":"https:\/\/expressaoms.com.br\/index.php\/wp-json\/wp\/v2\/posts\/40209"}],"collection":[{"href":"https:\/\/expressaoms.com.br\/index.php\/wp-json\/wp\/v2\/posts"}],"about":[{"href":"https:\/\/expressaoms.com.br\/index.php\/wp-json\/wp\/v2\/types\/post"}],"author":[{"embeddable":true,"href":"https:\/\/expressaoms.com.br\/index.php\/wp-json\/wp\/v2\/users\/5"}],"replies":[{"embeddable":true,"href":"https:\/\/expressaoms.com.br\/index.php\/wp-json\/wp\/v2\/comments?post=40209"}],"version-history":[{"count":1,"href":"https:\/\/expressaoms.com.br\/index.php\/wp-json\/wp\/v2\/posts\/40209\/revisions"}],"predecessor-version":[{"id":40211,"href":"https:\/\/expressaoms.com.br\/index.php\/wp-json\/wp\/v2\/posts\/40209\/revisions\/40211"}],"wp:featuredmedia":[{"embeddable":true,"href":"https:\/\/expressaoms.com.br\/index.php\/wp-json\/wp\/v2\/media\/40210"}],"wp:attachment":[{"href":"https:\/\/expressaoms.com.br\/index.php\/wp-json\/wp\/v2\/media?parent=40209"}],"wp:term":[{"taxonomy":"category","embeddable":true,"href":"https:\/\/expressaoms.com.br\/index.php\/wp-json\/wp\/v2\/categories?post=40209"},{"taxonomy":"post_tag","embeddable":true,"href":"https:\/\/expressaoms.com.br\/index.php\/wp-json\/wp\/v2\/tags?post=40209"}],"curies":[{"name":"wp","href":"https:\/\/api.w.org\/{rel}","templated":true}]}}