{"id":40262,"date":"2025-11-06T16:17:40","date_gmt":"2025-11-06T20:17:40","guid":{"rendered":"https:\/\/expressaoms.com.br\/?p=40262"},"modified":"2025-11-06T16:17:40","modified_gmt":"2025-11-06T20:17:40","slug":"projeto-samuzinho-retoma-atividades-com-visitas-aos-servicos-de-convivencia-da-smas","status":"publish","type":"post","link":"https:\/\/expressaoms.com.br\/index.php\/2025\/11\/06\/projeto-samuzinho-retoma-atividades-com-visitas-aos-servicos-de-convivencia-da-smas\/","title":{"rendered":"Projeto Samuzinho retoma atividades com visitas aos Servi\u00e7os de Conviv\u00eancia da SMAS"},"content":{"rendered":"<p>A Secretaria Municipal de Sa\u00fade (SMS), por meio do Servi\u00e7o de Atendimento M\u00f3vel de Urg\u00eancia (SAMU), retomou nesta quinta-feira, 6 de novembro, o Projeto Samuzinho com os alunos do Servi\u00e7o de Conviv\u00eancia e Fortalecimento de V\u00ednculos (SCFV) Banda Cristo Redentor.<\/p>\n<p>A a\u00e7\u00e3o educativa tem como objetivo levar conhecimento sobre sa\u00fade, primeiros socorros e cidadania as crian\u00e7as e adolescentes de 8 a 14 anos, formando uma nova gera\u00e7\u00e3o mais preparada para agir em situa\u00e7\u00f5es de emerg\u00eancia de forma l\u00fadica, participativa e respons\u00e1vel.<\/p>\n<p>Neste ano, o projeto passar\u00e1 por todos os SCFVs mantidos pela Secretaria Municipal de Assist\u00eancia Social (SMAS). Inspirado em iniciativas de sucesso em outros estados, o Samuzinho foi reformulado e adaptado \u00e0 realidade local, buscando tamb\u00e9m conscientizar sobre o uso correto do servi\u00e7o de urg\u00eancia e combater os trotes ao SAMU.<\/p>\n<p>Durante as atividades, os participantes conhecem de perto o trabalho da equipe, aprendem sobre o atendimento m\u00f3vel, o uso dos equipamentos de socorro e desenvolvem habilidades que podem salvar vidas. Al\u00e9m disso, o projeto refor\u00e7a valores como cidadania, empatia e responsabilidade social, aproximando ainda mais a popula\u00e7\u00e3o do servi\u00e7o p\u00fablico de sa\u00fade.<\/p>\n<p>A retomada aconteceu com uma aula especial no SCFV Banda Cristo Redentor, que contou com a presen\u00e7a do mascote Samuzinho e muita intera\u00e7\u00e3o entre os alunos.<\/p>\n<p>A coordenadora geral do SAMU, Annies Stevanin, comemorou o retorno do projeto. \u201cO Projeto Samuzinho vem com a proposta de ensinar nossas crian\u00e7as a reconhecer uma urg\u00eancia, saber como acionar o SAMU e, claro, prestar os primeiros atendimentos. Este ano, retornamos com as atividades nos SCFVs e, no pr\u00f3ximo, queremos levar o projeto tamb\u00e9m \u00e0s escolas municipais\u201d, destacou.<\/p>\n","protected":false},"excerpt":{"rendered":"<p>A Secretaria Municipal de Sa\u00fade (SMS), por meio do Servi\u00e7o de Atendimento M\u00f3vel de Urg\u00eancia (SAMU), retomou nesta quinta-feira, 6 de novembro, o Projeto Samuzinho com os alunos do Servi\u00e7o de Conviv\u00eancia e Fortalecimento de V\u00ednculos (SCFV) Banda Cristo Redentor. A a\u00e7\u00e3o educativa tem como objetivo levar conhecimento sobre sa\u00fade, primeiros socorros e cidadania as [&hellip;]<\/p>\n","protected":false},"author":5,"featured_media":40263,"comment_status":"open","ping_status":"open","sticky":false,"template":"","format":"standard","meta":{"om_disable_all_campaigns":false,"_monsterinsights_skip_tracking":false,"_monsterinsights_sitenote_active":false,"_monsterinsights_sitenote_note":"","_monsterinsights_sitenote_category":0,"footnotes":""},"categories":[30,266,193,44,48],"tags":[],"aioseo_notices":[],"_links":{"self":[{"href":"https:\/\/expressaoms.com.br\/index.php\/wp-json\/wp\/v2\/posts\/40262"}],"collection":[{"href":"https:\/\/expressaoms.com.br\/index.php\/wp-json\/wp\/v2\/posts"}],"about":[{"href":"https:\/\/expressaoms.com.br\/index.php\/wp-json\/wp\/v2\/types\/post"}],"author":[{"embeddable":true,"href":"https:\/\/expressaoms.com.br\/index.php\/wp-json\/wp\/v2\/users\/5"}],"replies":[{"embeddable":true,"href":"https:\/\/expressaoms.com.br\/index.php\/wp-json\/wp\/v2\/comments?post=40262"}],"version-history":[{"count":1,"href":"https:\/\/expressaoms.com.br\/index.php\/wp-json\/wp\/v2\/posts\/40262\/revisions"}],"predecessor-version":[{"id":40264,"href":"https:\/\/expressaoms.com.br\/index.php\/wp-json\/wp\/v2\/posts\/40262\/revisions\/40264"}],"wp:featuredmedia":[{"embeddable":true,"href":"https:\/\/expressaoms.com.br\/index.php\/wp-json\/wp\/v2\/media\/40263"}],"wp:attachment":[{"href":"https:\/\/expressaoms.com.br\/index.php\/wp-json\/wp\/v2\/media?parent=40262"}],"wp:term":[{"taxonomy":"category","embeddable":true,"href":"https:\/\/expressaoms.com.br\/index.php\/wp-json\/wp\/v2\/categories?post=40262"},{"taxonomy":"post_tag","embeddable":true,"href":"https:\/\/expressaoms.com.br\/index.php\/wp-json\/wp\/v2\/tags?post=40262"}],"curies":[{"name":"wp","href":"https:\/\/api.w.org\/{rel}","templated":true}]}}