{"id":40319,"date":"2025-11-09T17:11:55","date_gmt":"2025-11-09T21:11:55","guid":{"rendered":"https:\/\/expressaoms.com.br\/?p=40319"},"modified":"2025-12-03T12:09:24","modified_gmt":"2025-12-03T16:09:24","slug":"churrasco-anima-participantes-do-servico-de-convivencia-e-fortalecimento-de-vinculos-tia-nega","status":"publish","type":"post","link":"https:\/\/expressaoms.com.br\/index.php\/2025\/11\/09\/churrasco-anima-participantes-do-servico-de-convivencia-e-fortalecimento-de-vinculos-tia-nega\/","title":{"rendered":"Churrasco anima participantes do Servi\u00e7o de Conviv\u00eancia e Fortalecimento de V\u00ednculos \u201cTia Nega\u201d"},"content":{"rendered":"<p>Nesta quinta-feira, 7 de novembro, o Servi\u00e7o de Conviv\u00eancia e Fortalecimento de V\u00ednculos (SCFV) \u201cTia Nega\u201d, mantido pela Prefeitura de Tr\u00eas Lagoas por meio da Secretaria Municipal de Assist\u00eancia Social (SMAS), promoveu um churrasco especial para os participantes. O evento foi marcado por muita alegria, m\u00fasica e integra\u00e7\u00e3o, proporcionando um dia diferente e cheio de boas energias.<\/p>\n<p>Com um ambiente acolhedor e descontra\u00eddo, o churrasco reuniu usu\u00e1rios e equipe t\u00e9cnica em um momento de confraterniza\u00e7\u00e3o e fortalecimento dos la\u00e7os afetivos. A a\u00e7\u00e3o teve como objetivo celebrar a conviv\u00eancia em grupo, promovendo o lazer e refor\u00e7ando o sentimento de pertencimento entre os participantes.<\/p>\n<p>O churrasco contou com a presen\u00e7a do prefeito, Dr. Cassiano Maia, que fez quest\u00e3o de prestigiar o evento, conversar com os usu\u00e1rios e aproveitar o momento com eles. \u201c\u00c9 muito gratificante ver o quanto o trabalho realizado aqui no \u2018Tia Nega\u2019 transforma vidas e promove inclus\u00e3o. Momentos como este mostram que a administra\u00e7\u00e3o p\u00fablica vai al\u00e9m das obras e servi\u00e7os: \u00e9 sobre cuidar de pessoas, valorizar cada cidad\u00e3o e construir uma cidade mais humana e solid\u00e1ria\u201d, afirmou o prefeito.<\/p>\n<p>Segundo o coordenador do SCFV \u201cTia Nega\u201d, Andr\u00e9 Dourado, o encontro foi pensado para proporcionar um dia leve e divertido. \u201cEsses momentos de conviv\u00eancia s\u00e3o fundamentais para fortalecer os v\u00ednculos entre os participantes e a equipe. Ver todos sorrindo, dan\u00e7ando e se divertindo \u00e9 o maior retorno que podemos ter\u201d, destacou, ressaltando ainda a importante e essencial vis\u00e3o do nosso gestor, prefeito Cassiano Maia, para com o \u201cTia Nega\u201d.<\/p>\n<p>O SCFV \u201cTia Nega\u201d desenvolve atividades socioeducativas e de conviv\u00eancia voltadas para o fortalecimento de v\u00ednculos familiares e comunit\u00e1rios, contribuindo para o desenvolvimento social e emocional de seus usu\u00e1rios. A iniciativa reflete o compromisso da Prefeitura de Tr\u00eas Lagoas em promover a\u00e7\u00f5es que valorizam a cidadania, a alegria e o bem-estar de todos.<\/p>\n","protected":false},"excerpt":{"rendered":"<p>Nesta quinta-feira, 7 de novembro, o Servi\u00e7o de Conviv\u00eancia e Fortalecimento de V\u00ednculos (SCFV) \u201cTia Nega\u201d, mantido pela Prefeitura de Tr\u00eas Lagoas por meio da Secretaria Municipal de Assist\u00eancia Social (SMAS), promoveu um churrasco especial para os participantes. O evento foi marcado por muita alegria, m\u00fasica e integra\u00e7\u00e3o, proporcionando um dia diferente e cheio de [&hellip;]<\/p>\n","protected":false},"author":5,"featured_media":40320,"comment_status":"open","ping_status":"open","sticky":false,"template":"","format":"standard","meta":{"om_disable_all_campaigns":false,"_monsterinsights_skip_tracking":false,"_monsterinsights_sitenote_active":false,"_monsterinsights_sitenote_note":"","_monsterinsights_sitenote_category":0,"footnotes":""},"categories":[30,266,193,48],"tags":[],"aioseo_notices":[],"_links":{"self":[{"href":"https:\/\/expressaoms.com.br\/index.php\/wp-json\/wp\/v2\/posts\/40319"}],"collection":[{"href":"https:\/\/expressaoms.com.br\/index.php\/wp-json\/wp\/v2\/posts"}],"about":[{"href":"https:\/\/expressaoms.com.br\/index.php\/wp-json\/wp\/v2\/types\/post"}],"author":[{"embeddable":true,"href":"https:\/\/expressaoms.com.br\/index.php\/wp-json\/wp\/v2\/users\/5"}],"replies":[{"embeddable":true,"href":"https:\/\/expressaoms.com.br\/index.php\/wp-json\/wp\/v2\/comments?post=40319"}],"version-history":[{"count":1,"href":"https:\/\/expressaoms.com.br\/index.php\/wp-json\/wp\/v2\/posts\/40319\/revisions"}],"predecessor-version":[{"id":40321,"href":"https:\/\/expressaoms.com.br\/index.php\/wp-json\/wp\/v2\/posts\/40319\/revisions\/40321"}],"wp:featuredmedia":[{"embeddable":true,"href":"https:\/\/expressaoms.com.br\/index.php\/wp-json\/wp\/v2\/media\/40320"}],"wp:attachment":[{"href":"https:\/\/expressaoms.com.br\/index.php\/wp-json\/wp\/v2\/media?parent=40319"}],"wp:term":[{"taxonomy":"category","embeddable":true,"href":"https:\/\/expressaoms.com.br\/index.php\/wp-json\/wp\/v2\/categories?post=40319"},{"taxonomy":"post_tag","embeddable":true,"href":"https:\/\/expressaoms.com.br\/index.php\/wp-json\/wp\/v2\/tags?post=40319"}],"curies":[{"name":"wp","href":"https:\/\/api.w.org\/{rel}","templated":true}]}}